{"id":17437,"date":"2025-02-27T20:43:42","date_gmt":"2025-02-27T19:43:42","guid":{"rendered":"https:\/\/shw-wm.de\/el-accionista-de-shw-werkzeugmaschinen-und-bearbeitungstechnik-se-hace-cargo-del-fabricante-de-maquinas-e-instalaciones-matec-de-koengen\/"},"modified":"2025-10-13T14:34:53","modified_gmt":"2025-10-13T12:34:53","slug":"el-accionista-de-shw-werkzeugmaschinen-und-bearbeitungstechnik-se-hace-cargo-del-fabricante-de-maquinas-e-instalaciones-matec-de-koengen","status":"publish","type":"post","link":"https:\/\/shw-wm.de\/es\/el-accionista-de-shw-werkzeugmaschinen-und-bearbeitungstechnik-se-hace-cargo-del-fabricante-de-maquinas-e-instalaciones-matec-de-koengen\/","title":{"rendered":"El accionista de SHW Werkzeugmaschinen und Bearbeitungstechnik se hace cargo del fabricante de m\u00e1quinas e instalaciones MATEC de K\u00f6ngen"},"content":{"rendered":"\n<p>  Comunicado de prensa  <\/p>\n\n<p><strong>MATEC: El accionista de SHW Werkzeugmaschinen se hace cargo del fabricante de m\u00e1quinas e instalaciones de K\u00f6ngen  <\/strong><\/p>\n\n<p>27 de febrero de 2025  <\/p>\n\n<p>\u25aa El accionista de SHW Werkzeugmaschinen y SHW Bearbeitungstechnik, el family office SFO-N GmbH de M\u00fanich, se hace cargo del negocio de servicios y de las funciones de apoyo empresarial de MATEC: se conservar\u00e1 el centro de K\u00f6ngen y unos 40 puestos de trabajo.  <\/p>\n\n<p>\u25aa En todo el mundo se utilizan unas 1.800 m\u00e1quinas MATEC: ahora los clientes pueden estar seguros de que seguir\u00e1n recibiendo servicio para sus m\u00e1quinas.  <\/p>\n\n<p>\u25aa MATEC Service GmbH complementa la cartera de ingenier\u00eda mec\u00e1nica del especialista en reestructuraci\u00f3n SFO-N.  <\/p>\n\n<p><strong>M\u00fanich\/K\u00f6ngen\/Aalen.  <\/strong>Incluso en un entorno de mercado dif\u00edcil, la family office SFO-N mantiene su estrategia de crecimiento en el sector de la ingenier\u00eda mec\u00e1nica y de instalaciones, y refuerza su cartera con la adquisici\u00f3n de MATEC. Wolfgang Schepp, socio gerente del Grupo SFO, y el administrador concursal Dr. Dietmar Haffa, de Schultze &amp; Braun, han acordado hacerse cargo, a partir del 1 de marzo de 2025, del negocio de servicios del fabricante de maquinaria e instalaciones MATEC, con sede en K\u00f6ngen y fundado en 1992. La nueva empresa operar\u00e1 bajo el nombre de MATEC Service GmbH. Con esta soluci\u00f3n se conservar\u00e1n la sede de K\u00f6ngen y unos 40 puestos de trabajo.     <\/p>\n\n<p><strong>Mirando positivamente al futuro  <\/strong><\/p>\n\n<p>\u00abMe sigue entusiasmando la ingenier\u00eda mec\u00e1nica \u00abMade in Germany\u00bb. Por eso queremos seguir ampliando con \u00e9xito nuestra cartera en este \u00e1mbito. Al adquirir MATEC, no s\u00f3lo nos aseguramos una valiosa experiencia y modernas capacidades de servicio, sino que tambi\u00e9n ofrecemos perspectivas a largo plazo a muchos especialistas altamente cualificados. Estamos convencidos de que &#8230;   <br\/><br\/><a href=\"https:\/\/shw-wm.de\/wp-content\/uploads\/Pressemitteilung-SHW_Matec.pdf\">Lee el informe completo aqu\u00ed<\/a><\/p>\n","protected":false},"excerpt":{"rendered":"<p>Comunicado de prensa MATEC: El accionista de SHW Werkzeugmaschinen se hace cargo del fabricante de m\u00e1quinas e instalaciones de K\u00f6ngen 27 de febrero de 2025 \u25aa El accionista de SHW Werkzeugmaschinen y SHW Bearbeitungstechnik, el family office SFO-N GmbH de M\u00fanich, se hace cargo del negocio de servicios y de las funciones de apoyo empresarial [&hellip;]<\/p>\n","protected":false},"author":4,"featured_media":0,"comment_status":"closed","ping_status":"open","sticky":false,"template":"","format":"standard","meta":{"footnotes":""},"categories":[291,285],"tags":[],"class_list":["post-17437","post","type-post","status-publish","format-standard","hentry","category-prensa-shw","category-sin-categoria"],"yoast_head":"<!-- This site is optimized with the Yoast SEO plugin v27.4 - https:\/\/yoast.com\/product\/yoast-seo-wordpress\/ -->\n<title>El accionista de SHW Werkzeugmaschinen und Bearbeitungstechnik se hace cargo del fabricante de m\u00e1quinas e instalaciones MATEC de K\u00f6ngen | SHW - Werkzeugmaschinen<\/title>\n<meta name=\"description\" content=\"Comunicado de prensa. MATEC: El accionista de SHW Werkzeugmaschinen se hace cargo del fabricante de m\u00e1quinas e instalaciones de K\u00f6ngen\" \/>\n<meta name=\"robots\" content=\"index, follow, max-snippet:-1, max-image-preview:large, max-video-preview:-1\" \/>\n<link rel=\"canonical\" href=\"https:\/\/shw-wm.de\/es\/el-accionista-de-shw-werkzeugmaschinen-und-bearbeitungstechnik-se-hace-cargo-del-fabricante-de-maquinas-e-instalaciones-matec-de-koengen\/\" \/>\n<meta property=\"og:locale\" content=\"es_ES\" \/>\n<meta property=\"og:type\" content=\"article\" \/>\n<meta property=\"og:title\" content=\"El accionista de SHW Werkzeugmaschinen und Bearbeitungstechnik se hace cargo del fabricante de m\u00e1quinas e instalaciones MATEC de K\u00f6ngen | SHW - Werkzeugmaschinen\" \/>\n<meta property=\"og:description\" content=\"Comunicado de prensa. MATEC: El accionista de SHW Werkzeugmaschinen se hace cargo del fabricante de m\u00e1quinas e instalaciones de K\u00f6ngen\" \/>\n<meta property=\"og:url\" content=\"https:\/\/shw-wm.de\/es\/el-accionista-de-shw-werkzeugmaschinen-und-bearbeitungstechnik-se-hace-cargo-del-fabricante-de-maquinas-e-instalaciones-matec-de-koengen\/\" \/>\n<meta property=\"og:site_name\" content=\"SHW - Werkzeugmaschinen\" \/>\n<meta property=\"article:publisher\" content=\"https:\/\/www.facebook.com\/SHWWM\" \/>\n<meta property=\"article:published_time\" content=\"2025-02-27T19:43:42+00:00\" \/>\n<meta property=\"article:modified_time\" content=\"2025-10-13T12:34:53+00:00\" \/>\n<meta property=\"og:image\" content=\"https:\/\/shw-wm.de\/wp-content\/uploads\/2021_Logo_mit_Flagge-removebg-preview.png\" \/>\n\t<meta property=\"og:image:width\" content=\"275\" \/>\n\t<meta property=\"og:image:height\" content=\"119\" \/>\n\t<meta property=\"og:image:type\" content=\"image\/png\" \/>\n<meta name=\"author\" content=\"Sonia Porcelli\" \/>\n<meta name=\"twitter:card\" content=\"summary_large_image\" \/>\n<meta name=\"twitter:creator\" content=\"@SHW_WM_Gmbh\" \/>\n<meta name=\"twitter:site\" content=\"@SHW_WM_Gmbh\" \/>\n<meta name=\"twitter:label1\" content=\"Escrito por\" \/>\n\t<meta name=\"twitter:data1\" content=\"Sonia Porcelli\" \/>\n\t<meta name=\"twitter:label2\" content=\"Tiempo de lectura\" \/>\n\t<meta name=\"twitter:data2\" content=\"1 minuto\" \/>\n<script type=\"application\/ld+json\" class=\"yoast-schema-graph\">{\"@context\":\"https:\\\/\\\/schema.org\",\"@graph\":[{\"@type\":\"Article\",\"@id\":\"https:\\\/\\\/shw-wm.de\\\/es\\\/el-accionista-de-shw-werkzeugmaschinen-und-bearbeitungstechnik-se-hace-cargo-del-fabricante-de-maquinas-e-instalaciones-matec-de-koengen\\\/#article\",\"isPartOf\":{\"@id\":\"https:\\\/\\\/shw-wm.de\\\/es\\\/el-accionista-de-shw-werkzeugmaschinen-und-bearbeitungstechnik-se-hace-cargo-del-fabricante-de-maquinas-e-instalaciones-matec-de-koengen\\\/\"},\"author\":{\"name\":\"Sonia Porcelli\",\"@id\":\"https:\\\/\\\/shw-wm.de\\\/#\\\/schema\\\/person\\\/899087293eeb67f5727e7918d6e05160\"},\"headline\":\"El accionista de SHW Werkzeugmaschinen und Bearbeitungstechnik se hace cargo del fabricante de m\u00e1quinas e instalaciones MATEC de K\u00f6ngen\",\"datePublished\":\"2025-02-27T19:43:42+00:00\",\"dateModified\":\"2025-10-13T12:34:53+00:00\",\"mainEntityOfPage\":{\"@id\":\"https:\\\/\\\/shw-wm.de\\\/es\\\/el-accionista-de-shw-werkzeugmaschinen-und-bearbeitungstechnik-se-hace-cargo-del-fabricante-de-maquinas-e-instalaciones-matec-de-koengen\\\/\"},\"wordCount\":318,\"publisher\":{\"@id\":\"https:\\\/\\\/shw-wm.de\\\/#organization\"},\"articleSection\":[\"Prensa SHW\"],\"inLanguage\":\"es\"},{\"@type\":\"WebPage\",\"@id\":\"https:\\\/\\\/shw-wm.de\\\/es\\\/el-accionista-de-shw-werkzeugmaschinen-und-bearbeitungstechnik-se-hace-cargo-del-fabricante-de-maquinas-e-instalaciones-matec-de-koengen\\\/\",\"url\":\"https:\\\/\\\/shw-wm.de\\\/es\\\/el-accionista-de-shw-werkzeugmaschinen-und-bearbeitungstechnik-se-hace-cargo-del-fabricante-de-maquinas-e-instalaciones-matec-de-koengen\\\/\",\"name\":\"El accionista de SHW Werkzeugmaschinen und Bearbeitungstechnik se hace cargo del fabricante de m\u00e1quinas e instalaciones MATEC de K\u00f6ngen | SHW - Werkzeugmaschinen\",\"isPartOf\":{\"@id\":\"https:\\\/\\\/shw-wm.de\\\/#website\"},\"datePublished\":\"2025-02-27T19:43:42+00:00\",\"dateModified\":\"2025-10-13T12:34:53+00:00\",\"description\":\"Comunicado de prensa. MATEC: El accionista de SHW Werkzeugmaschinen se hace cargo del fabricante de m\u00e1quinas e instalaciones de K\u00f6ngen\",\"breadcrumb\":{\"@id\":\"https:\\\/\\\/shw-wm.de\\\/es\\\/el-accionista-de-shw-werkzeugmaschinen-und-bearbeitungstechnik-se-hace-cargo-del-fabricante-de-maquinas-e-instalaciones-matec-de-koengen\\\/#breadcrumb\"},\"inLanguage\":\"es\",\"potentialAction\":[{\"@type\":\"ReadAction\",\"target\":[\"https:\\\/\\\/shw-wm.de\\\/es\\\/el-accionista-de-shw-werkzeugmaschinen-und-bearbeitungstechnik-se-hace-cargo-del-fabricante-de-maquinas-e-instalaciones-matec-de-koengen\\\/\"]}]},{\"@type\":\"BreadcrumbList\",\"@id\":\"https:\\\/\\\/shw-wm.de\\\/es\\\/el-accionista-de-shw-werkzeugmaschinen-und-bearbeitungstechnik-se-hace-cargo-del-fabricante-de-maquinas-e-instalaciones-matec-de-koengen\\\/#breadcrumb\",\"itemListElement\":[{\"@type\":\"ListItem\",\"position\":1,\"name\":\"Home\",\"item\":\"https:\\\/\\\/shw-wm.de\\\/es\\\/inicio\\\/\"},{\"@type\":\"ListItem\",\"position\":2,\"name\":\"El accionista de SHW Werkzeugmaschinen und Bearbeitungstechnik se hace cargo del fabricante de m\u00e1quinas e instalaciones MATEC de K\u00f6ngen\"}]},{\"@type\":\"WebSite\",\"@id\":\"https:\\\/\\\/shw-wm.de\\\/#website\",\"url\":\"https:\\\/\\\/shw-wm.de\\\/\",\"name\":\"SHW - Werkzeugmaschinen\",\"description\":\"Hersteller von Fahrst\u00e4ndermaschinen\",\"publisher\":{\"@id\":\"https:\\\/\\\/shw-wm.de\\\/#organization\"},\"potentialAction\":[{\"@type\":\"SearchAction\",\"target\":{\"@type\":\"EntryPoint\",\"urlTemplate\":\"https:\\\/\\\/shw-wm.de\\\/?s={search_term_string}\"},\"query-input\":{\"@type\":\"PropertyValueSpecification\",\"valueRequired\":true,\"valueName\":\"search_term_string\"}}],\"inLanguage\":\"es\"},{\"@type\":\"Organization\",\"@id\":\"https:\\\/\\\/shw-wm.de\\\/#organization\",\"name\":\"SHW - M\u00e1quinas herramienta\",\"url\":\"https:\\\/\\\/shw-wm.de\\\/\",\"logo\":{\"@type\":\"ImageObject\",\"inLanguage\":\"es\",\"@id\":\"https:\\\/\\\/shw-wm.de\\\/#\\\/schema\\\/logo\\\/image\\\/\",\"url\":\"https:\\\/\\\/shw-wm.de\\\/wp-content\\\/uploads\\\/2021_Logo_mit_Flagge-1.jpg\",\"contentUrl\":\"https:\\\/\\\/shw-wm.de\\\/wp-content\\\/uploads\\\/2021_Logo_mit_Flagge-1.jpg\",\"width\":275,\"height\":119,\"caption\":\"SHW - M\u00e1quinas herramienta\"},\"image\":{\"@id\":\"https:\\\/\\\/shw-wm.de\\\/#\\\/schema\\\/logo\\\/image\\\/\"},\"sameAs\":[\"https:\\\/\\\/www.facebook.com\\\/SHWWM\",\"https:\\\/\\\/x.com\\\/SHW_WM_Gmbh\",\"https:\\\/\\\/www.instagram.com\\\/shw_werkzeugmaschinen\\\/\",\"https:\\\/\\\/www.youtube.com\\\/@SHWWerkzeugmaschinen\"]},{\"@type\":\"Person\",\"@id\":\"https:\\\/\\\/shw-wm.de\\\/#\\\/schema\\\/person\\\/899087293eeb67f5727e7918d6e05160\",\"name\":\"Sonia Porcelli\",\"url\":\"https:\\\/\\\/shw-wm.de\\\/es\\\/author\\\/180grad\\\/\"}]}<\/script>\n<!-- \/ Yoast SEO plugin. -->","yoast_head_json":{"title":"El accionista de SHW Werkzeugmaschinen und Bearbeitungstechnik se hace cargo del fabricante de m\u00e1quinas e instalaciones MATEC de K\u00f6ngen | SHW - Werkzeugmaschinen","description":"Comunicado de prensa. MATEC: El accionista de SHW Werkzeugmaschinen se hace cargo del fabricante de m\u00e1quinas e instalaciones de K\u00f6ngen","robots":{"index":"index","follow":"follow","max-snippet":"max-snippet:-1","max-image-preview":"max-image-preview:large","max-video-preview":"max-video-preview:-1"},"canonical":"https:\/\/shw-wm.de\/es\/el-accionista-de-shw-werkzeugmaschinen-und-bearbeitungstechnik-se-hace-cargo-del-fabricante-de-maquinas-e-instalaciones-matec-de-koengen\/","og_locale":"es_ES","og_type":"article","og_title":"El accionista de SHW Werkzeugmaschinen und Bearbeitungstechnik se hace cargo del fabricante de m\u00e1quinas e instalaciones MATEC de K\u00f6ngen | SHW - Werkzeugmaschinen","og_description":"Comunicado de prensa. MATEC: El accionista de SHW Werkzeugmaschinen se hace cargo del fabricante de m\u00e1quinas e instalaciones de K\u00f6ngen","og_url":"https:\/\/shw-wm.de\/es\/el-accionista-de-shw-werkzeugmaschinen-und-bearbeitungstechnik-se-hace-cargo-del-fabricante-de-maquinas-e-instalaciones-matec-de-koengen\/","og_site_name":"SHW - Werkzeugmaschinen","article_publisher":"https:\/\/www.facebook.com\/SHWWM","article_published_time":"2025-02-27T19:43:42+00:00","article_modified_time":"2025-10-13T12:34:53+00:00","og_image":[{"width":275,"height":119,"url":"https:\/\/shw-wm.de\/wp-content\/uploads\/2021_Logo_mit_Flagge-removebg-preview.png","type":"image\/png"}],"author":"Sonia Porcelli","twitter_card":"summary_large_image","twitter_creator":"@SHW_WM_Gmbh","twitter_site":"@SHW_WM_Gmbh","twitter_misc":{"Escrito por":"Sonia Porcelli","Tiempo de lectura":"1 minuto"},"schema":{"@context":"https:\/\/schema.org","@graph":[{"@type":"Article","@id":"https:\/\/shw-wm.de\/es\/el-accionista-de-shw-werkzeugmaschinen-und-bearbeitungstechnik-se-hace-cargo-del-fabricante-de-maquinas-e-instalaciones-matec-de-koengen\/#article","isPartOf":{"@id":"https:\/\/shw-wm.de\/es\/el-accionista-de-shw-werkzeugmaschinen-und-bearbeitungstechnik-se-hace-cargo-del-fabricante-de-maquinas-e-instalaciones-matec-de-koengen\/"},"author":{"name":"Sonia Porcelli","@id":"https:\/\/shw-wm.de\/#\/schema\/person\/899087293eeb67f5727e7918d6e05160"},"headline":"El accionista de SHW Werkzeugmaschinen und Bearbeitungstechnik se hace cargo del fabricante de m\u00e1quinas e instalaciones MATEC de K\u00f6ngen","datePublished":"2025-02-27T19:43:42+00:00","dateModified":"2025-10-13T12:34:53+00:00","mainEntityOfPage":{"@id":"https:\/\/shw-wm.de\/es\/el-accionista-de-shw-werkzeugmaschinen-und-bearbeitungstechnik-se-hace-cargo-del-fabricante-de-maquinas-e-instalaciones-matec-de-koengen\/"},"wordCount":318,"publisher":{"@id":"https:\/\/shw-wm.de\/#organization"},"articleSection":["Prensa SHW"],"inLanguage":"es"},{"@type":"WebPage","@id":"https:\/\/shw-wm.de\/es\/el-accionista-de-shw-werkzeugmaschinen-und-bearbeitungstechnik-se-hace-cargo-del-fabricante-de-maquinas-e-instalaciones-matec-de-koengen\/","url":"https:\/\/shw-wm.de\/es\/el-accionista-de-shw-werkzeugmaschinen-und-bearbeitungstechnik-se-hace-cargo-del-fabricante-de-maquinas-e-instalaciones-matec-de-koengen\/","name":"El accionista de SHW Werkzeugmaschinen und Bearbeitungstechnik se hace cargo del fabricante de m\u00e1quinas e instalaciones MATEC de K\u00f6ngen | SHW - Werkzeugmaschinen","isPartOf":{"@id":"https:\/\/shw-wm.de\/#website"},"datePublished":"2025-02-27T19:43:42+00:00","dateModified":"2025-10-13T12:34:53+00:00","description":"Comunicado de prensa. MATEC: El accionista de SHW Werkzeugmaschinen se hace cargo del fabricante de m\u00e1quinas e instalaciones de K\u00f6ngen","breadcrumb":{"@id":"https:\/\/shw-wm.de\/es\/el-accionista-de-shw-werkzeugmaschinen-und-bearbeitungstechnik-se-hace-cargo-del-fabricante-de-maquinas-e-instalaciones-matec-de-koengen\/#breadcrumb"},"inLanguage":"es","potentialAction":[{"@type":"ReadAction","target":["https:\/\/shw-wm.de\/es\/el-accionista-de-shw-werkzeugmaschinen-und-bearbeitungstechnik-se-hace-cargo-del-fabricante-de-maquinas-e-instalaciones-matec-de-koengen\/"]}]},{"@type":"BreadcrumbList","@id":"https:\/\/shw-wm.de\/es\/el-accionista-de-shw-werkzeugmaschinen-und-bearbeitungstechnik-se-hace-cargo-del-fabricante-de-maquinas-e-instalaciones-matec-de-koengen\/#breadcrumb","itemListElement":[{"@type":"ListItem","position":1,"name":"Home","item":"https:\/\/shw-wm.de\/es\/inicio\/"},{"@type":"ListItem","position":2,"name":"El accionista de SHW Werkzeugmaschinen und Bearbeitungstechnik se hace cargo del fabricante de m\u00e1quinas e instalaciones MATEC de K\u00f6ngen"}]},{"@type":"WebSite","@id":"https:\/\/shw-wm.de\/#website","url":"https:\/\/shw-wm.de\/","name":"SHW - Werkzeugmaschinen","description":"Hersteller von Fahrst\u00e4ndermaschinen","publisher":{"@id":"https:\/\/shw-wm.de\/#organization"},"potentialAction":[{"@type":"SearchAction","target":{"@type":"EntryPoint","urlTemplate":"https:\/\/shw-wm.de\/?s={search_term_string}"},"query-input":{"@type":"PropertyValueSpecification","valueRequired":true,"valueName":"search_term_string"}}],"inLanguage":"es"},{"@type":"Organization","@id":"https:\/\/shw-wm.de\/#organization","name":"SHW - M\u00e1quinas herramienta","url":"https:\/\/shw-wm.de\/","logo":{"@type":"ImageObject","inLanguage":"es","@id":"https:\/\/shw-wm.de\/#\/schema\/logo\/image\/","url":"https:\/\/shw-wm.de\/wp-content\/uploads\/2021_Logo_mit_Flagge-1.jpg","contentUrl":"https:\/\/shw-wm.de\/wp-content\/uploads\/2021_Logo_mit_Flagge-1.jpg","width":275,"height":119,"caption":"SHW - M\u00e1quinas herramienta"},"image":{"@id":"https:\/\/shw-wm.de\/#\/schema\/logo\/image\/"},"sameAs":["https:\/\/www.facebook.com\/SHWWM","https:\/\/x.com\/SHW_WM_Gmbh","https:\/\/www.instagram.com\/shw_werkzeugmaschinen\/","https:\/\/www.youtube.com\/@SHWWerkzeugmaschinen"]},{"@type":"Person","@id":"https:\/\/shw-wm.de\/#\/schema\/person\/899087293eeb67f5727e7918d6e05160","name":"Sonia Porcelli","url":"https:\/\/shw-wm.de\/es\/author\/180grad\/"}]}},"_links":{"self":[{"href":"https:\/\/shw-wm.de\/es\/wp-json\/wp\/v2\/posts\/17437","targetHints":{"allow":["GET"]}}],"collection":[{"href":"https:\/\/shw-wm.de\/es\/wp-json\/wp\/v2\/posts"}],"about":[{"href":"https:\/\/shw-wm.de\/es\/wp-json\/wp\/v2\/types\/post"}],"author":[{"embeddable":true,"href":"https:\/\/shw-wm.de\/es\/wp-json\/wp\/v2\/users\/4"}],"replies":[{"embeddable":true,"href":"https:\/\/shw-wm.de\/es\/wp-json\/wp\/v2\/comments?post=17437"}],"version-history":[{"count":1,"href":"https:\/\/shw-wm.de\/es\/wp-json\/wp\/v2\/posts\/17437\/revisions"}],"predecessor-version":[{"id":17443,"href":"https:\/\/shw-wm.de\/es\/wp-json\/wp\/v2\/posts\/17437\/revisions\/17443"}],"wp:attachment":[{"href":"https:\/\/shw-wm.de\/es\/wp-json\/wp\/v2\/media?parent=17437"}],"wp:term":[{"taxonomy":"category","embeddable":true,"href":"https:\/\/shw-wm.de\/es\/wp-json\/wp\/v2\/categories?post=17437"},{"taxonomy":"post_tag","embeddable":true,"href":"https:\/\/shw-wm.de\/es\/wp-json\/wp\/v2\/tags?post=17437"}],"curies":[{"name":"wp","href":"https:\/\/api.w.org\/{rel}","templated":true}]}}