{"id":17459,"date":"2020-10-13T22:19:39","date_gmt":"2020-10-13T20:19:39","guid":{"rendered":"https:\/\/shw-wm.de\/jornadas-de-innovacion-en-shw-wm\/"},"modified":"2025-10-13T14:35:01","modified_gmt":"2025-10-13T12:35:01","slug":"jornadas-de-innovacion-en-shw-wm","status":"publish","type":"post","link":"https:\/\/shw-wm.de\/es\/jornadas-de-innovacion-en-shw-wm\/","title":{"rendered":"Jornadas de Innovaci\u00f3n en SHW WM"},"content":{"rendered":"\n<p>El fabricante de m\u00e1quinas de procesamiento est\u00e1 mostrando actualmente nuevos desarrollos e informando a los clientes.<\/p>\n\n<p><strong>Aalen-Wasseralfingen.<\/strong>  Tras la cancelaci\u00f3n de las ferias de ingenier\u00eda mec\u00e1nica m\u00e1s importantes del mundo debido a la pandemia, el especialista de Wasseralfingen en centros de mecanizado y m\u00e1quinas de columna m\u00f3vil, SHW Werkzeugmaschinen GmbH (SHW WM), pasa a la ofensiva. En su sede central, la empresa informar\u00e1 a sus clientes sobre las innovaciones en el campo del mecanizado de metales y las m\u00e1quinas-herramienta en los D\u00edas de la Innovaci\u00f3n, que se celebrar\u00e1n hasta el 16 de octubre. \u00abExpondremos una zona similar a una feria con una nueva serie de m\u00e1quinas \u00abPowerSpeed Cube\u00bb, donde se presentar\u00e1n en vivo y en directo algunas primicias mundiales\u00bb, afirma Martin Greis, Director General de la empresa.  <\/p>\n\n<p>Aunque el n\u00famero de visitantes es limitado debido a la pandemia, seguir\u00e1 habiendo espacio suficiente durante los cinco d\u00edas de los \u00abD\u00edas de la Innovaci\u00f3n en SHW Werkzeugmaschinen\u00bb para mostrar la fuerza innovadora de la empresa en grupos. Tambi\u00e9n se expondr\u00e1 un nuevo tipo de m\u00e1quina encapsulada. \u00abEl objetivo era elevar una fresadora de columna m\u00f3vil cl\u00e1sica al nivel de un centro de mecanizado encapsulado\u00bb, afirma Martin Rathgeb, Director T\u00e9cnico. Esto se debe a que la demanda de m\u00e1quinas encapsuladas que puedan seguir vi\u00e9ndose desde todos los lados va en aumento: actualmente representa un buen tercio de todas las m\u00e1quinas.   <\/p>\n\n<p><a href=\"https:\/\/www.wirtschaft-regional.de\/1931385\/\">\u00a9 Wirtschaft Regional 13.10.2020 13:19<\/a><\/p>\n","protected":false},"excerpt":{"rendered":"<p>El fabricante de m\u00e1quinas de procesamiento est\u00e1 mostrando actualmente nuevos desarrollos e informando a los clientes. Aalen-Wasseralfingen. Tras la cancelaci\u00f3n de las ferias de ingenier\u00eda mec\u00e1nica m\u00e1s importantes del mundo debido a la pandemia, el especialista de Wasseralfingen en centros de mecanizado y m\u00e1quinas de columna m\u00f3vil, SHW Werkzeugmaschinen GmbH (SHW WM), pasa a la [&hellip;]<\/p>\n","protected":false},"author":3,"featured_media":0,"comment_status":"closed","ping_status":"open","sticky":false,"template":"","format":"standard","meta":{"footnotes":""},"categories":[291],"tags":[],"class_list":["post-17459","post","type-post","status-publish","format-standard","hentry","category-prensa-shw"],"yoast_head":"<!-- This site is optimized with the Yoast SEO plugin v27.4 - https:\/\/yoast.com\/product\/yoast-seo-wordpress\/ -->\n<title>Jornadas de Innovaci\u00f3n en SHW WM | SHW - Werkzeugmaschinen<\/title>\n<meta name=\"description\" content=\"Tras la cancelaci\u00f3n de las ferias de ingenier\u00eda mec\u00e1nica m\u00e1s importantes del mundo debido a la pandemia, el especialista de Wasseralfingen en centros de mecanizado y m\u00e1quinas de columna m\u00f3vil, SHW, pasa a la ofensiva.\" \/>\n<meta name=\"robots\" content=\"index, follow, max-snippet:-1, max-image-preview:large, max-video-preview:-1\" \/>\n<link rel=\"canonical\" href=\"https:\/\/shw-wm.de\/es\/jornadas-de-innovacion-en-shw-wm\/\" \/>\n<meta property=\"og:locale\" content=\"es_ES\" \/>\n<meta property=\"og:type\" content=\"article\" \/>\n<meta property=\"og:title\" content=\"Jornadas de Innovaci\u00f3n en SHW WM | SHW - Werkzeugmaschinen\" \/>\n<meta property=\"og:description\" content=\"Tras la cancelaci\u00f3n de las ferias de ingenier\u00eda mec\u00e1nica m\u00e1s importantes del mundo debido a la pandemia, el especialista de Wasseralfingen en centros de mecanizado y m\u00e1quinas de columna m\u00f3vil, SHW, pasa a la ofensiva.\" \/>\n<meta property=\"og:url\" content=\"https:\/\/shw-wm.de\/es\/jornadas-de-innovacion-en-shw-wm\/\" \/>\n<meta property=\"og:site_name\" content=\"SHW - Werkzeugmaschinen\" \/>\n<meta property=\"article:publisher\" content=\"https:\/\/www.facebook.com\/SHWWM\" \/>\n<meta property=\"article:published_time\" content=\"2020-10-13T20:19:39+00:00\" \/>\n<meta property=\"article:modified_time\" content=\"2025-10-13T12:35:01+00:00\" \/>\n<meta property=\"og:image\" content=\"https:\/\/shw-wm.de\/wp-content\/uploads\/2021_Logo_mit_Flagge-removebg-preview.png\" \/>\n\t<meta property=\"og:image:width\" content=\"275\" \/>\n\t<meta property=\"og:image:height\" content=\"119\" \/>\n\t<meta property=\"og:image:type\" content=\"image\/png\" \/>\n<meta name=\"author\" content=\"jweiss\" \/>\n<meta name=\"twitter:card\" content=\"summary_large_image\" \/>\n<meta name=\"twitter:creator\" content=\"@SHW_WM_Gmbh\" \/>\n<meta name=\"twitter:site\" content=\"@SHW_WM_Gmbh\" \/>\n<meta name=\"twitter:label1\" content=\"Escrito por\" \/>\n\t<meta name=\"twitter:data1\" content=\"jweiss\" \/>\n\t<meta name=\"twitter:label2\" content=\"Tiempo de lectura\" \/>\n\t<meta name=\"twitter:data2\" content=\"1 minuto\" \/>\n<script type=\"application\/ld+json\" class=\"yoast-schema-graph\">{\"@context\":\"https:\\\/\\\/schema.org\",\"@graph\":[{\"@type\":\"Article\",\"@id\":\"https:\\\/\\\/shw-wm.de\\\/es\\\/jornadas-de-innovacion-en-shw-wm\\\/#article\",\"isPartOf\":{\"@id\":\"https:\\\/\\\/shw-wm.de\\\/es\\\/jornadas-de-innovacion-en-shw-wm\\\/\"},\"author\":{\"name\":\"jweiss\",\"@id\":\"https:\\\/\\\/shw-wm.de\\\/#\\\/schema\\\/person\\\/6fbe9d30a891f73d56b6c58617d3cd63\"},\"headline\":\"Jornadas de Innovaci\u00f3n en SHW WM\",\"datePublished\":\"2020-10-13T20:19:39+00:00\",\"dateModified\":\"2025-10-13T12:35:01+00:00\",\"mainEntityOfPage\":{\"@id\":\"https:\\\/\\\/shw-wm.de\\\/es\\\/jornadas-de-innovacion-en-shw-wm\\\/\"},\"wordCount\":260,\"publisher\":{\"@id\":\"https:\\\/\\\/shw-wm.de\\\/#organization\"},\"articleSection\":[\"Prensa SHW\"],\"inLanguage\":\"es\"},{\"@type\":\"WebPage\",\"@id\":\"https:\\\/\\\/shw-wm.de\\\/es\\\/jornadas-de-innovacion-en-shw-wm\\\/\",\"url\":\"https:\\\/\\\/shw-wm.de\\\/es\\\/jornadas-de-innovacion-en-shw-wm\\\/\",\"name\":\"Jornadas de Innovaci\u00f3n en SHW WM | SHW - Werkzeugmaschinen\",\"isPartOf\":{\"@id\":\"https:\\\/\\\/shw-wm.de\\\/#website\"},\"datePublished\":\"2020-10-13T20:19:39+00:00\",\"dateModified\":\"2025-10-13T12:35:01+00:00\",\"description\":\"Tras la cancelaci\u00f3n de las ferias de ingenier\u00eda mec\u00e1nica m\u00e1s importantes del mundo debido a la pandemia, el especialista de Wasseralfingen en centros de mecanizado y m\u00e1quinas de columna m\u00f3vil, SHW, pasa a la ofensiva.\",\"breadcrumb\":{\"@id\":\"https:\\\/\\\/shw-wm.de\\\/es\\\/jornadas-de-innovacion-en-shw-wm\\\/#breadcrumb\"},\"inLanguage\":\"es\",\"potentialAction\":[{\"@type\":\"ReadAction\",\"target\":[\"https:\\\/\\\/shw-wm.de\\\/es\\\/jornadas-de-innovacion-en-shw-wm\\\/\"]}]},{\"@type\":\"BreadcrumbList\",\"@id\":\"https:\\\/\\\/shw-wm.de\\\/es\\\/jornadas-de-innovacion-en-shw-wm\\\/#breadcrumb\",\"itemListElement\":[{\"@type\":\"ListItem\",\"position\":1,\"name\":\"Home\",\"item\":\"https:\\\/\\\/shw-wm.de\\\/es\\\/inicio\\\/\"},{\"@type\":\"ListItem\",\"position\":2,\"name\":\"Jornadas de Innovaci\u00f3n en SHW WM\"}]},{\"@type\":\"WebSite\",\"@id\":\"https:\\\/\\\/shw-wm.de\\\/#website\",\"url\":\"https:\\\/\\\/shw-wm.de\\\/\",\"name\":\"SHW - Werkzeugmaschinen\",\"description\":\"Hersteller von Fahrst\u00e4ndermaschinen\",\"publisher\":{\"@id\":\"https:\\\/\\\/shw-wm.de\\\/#organization\"},\"potentialAction\":[{\"@type\":\"SearchAction\",\"target\":{\"@type\":\"EntryPoint\",\"urlTemplate\":\"https:\\\/\\\/shw-wm.de\\\/?s={search_term_string}\"},\"query-input\":{\"@type\":\"PropertyValueSpecification\",\"valueRequired\":true,\"valueName\":\"search_term_string\"}}],\"inLanguage\":\"es\"},{\"@type\":\"Organization\",\"@id\":\"https:\\\/\\\/shw-wm.de\\\/#organization\",\"name\":\"SHW - M\u00e1quinas herramienta\",\"url\":\"https:\\\/\\\/shw-wm.de\\\/\",\"logo\":{\"@type\":\"ImageObject\",\"inLanguage\":\"es\",\"@id\":\"https:\\\/\\\/shw-wm.de\\\/#\\\/schema\\\/logo\\\/image\\\/\",\"url\":\"https:\\\/\\\/shw-wm.de\\\/wp-content\\\/uploads\\\/2021_Logo_mit_Flagge-1.jpg\",\"contentUrl\":\"https:\\\/\\\/shw-wm.de\\\/wp-content\\\/uploads\\\/2021_Logo_mit_Flagge-1.jpg\",\"width\":275,\"height\":119,\"caption\":\"SHW - M\u00e1quinas herramienta\"},\"image\":{\"@id\":\"https:\\\/\\\/shw-wm.de\\\/#\\\/schema\\\/logo\\\/image\\\/\"},\"sameAs\":[\"https:\\\/\\\/www.facebook.com\\\/SHWWM\",\"https:\\\/\\\/x.com\\\/SHW_WM_Gmbh\",\"https:\\\/\\\/www.instagram.com\\\/shw_werkzeugmaschinen\\\/\",\"https:\\\/\\\/www.youtube.com\\\/@SHWWerkzeugmaschinen\"]},{\"@type\":\"Person\",\"@id\":\"https:\\\/\\\/shw-wm.de\\\/#\\\/schema\\\/person\\\/6fbe9d30a891f73d56b6c58617d3cd63\",\"name\":\"jweiss\",\"url\":\"https:\\\/\\\/shw-wm.de\\\/es\\\/author\\\/jweiss\\\/\"}]}<\/script>\n<!-- \/ Yoast SEO plugin. -->","yoast_head_json":{"title":"Jornadas de Innovaci\u00f3n en SHW WM | SHW - Werkzeugmaschinen","description":"Tras la cancelaci\u00f3n de las ferias de ingenier\u00eda mec\u00e1nica m\u00e1s importantes del mundo debido a la pandemia, el especialista de Wasseralfingen en centros de mecanizado y m\u00e1quinas de columna m\u00f3vil, SHW, pasa a la ofensiva.","robots":{"index":"index","follow":"follow","max-snippet":"max-snippet:-1","max-image-preview":"max-image-preview:large","max-video-preview":"max-video-preview:-1"},"canonical":"https:\/\/shw-wm.de\/es\/jornadas-de-innovacion-en-shw-wm\/","og_locale":"es_ES","og_type":"article","og_title":"Jornadas de Innovaci\u00f3n en SHW WM | SHW - Werkzeugmaschinen","og_description":"Tras la cancelaci\u00f3n de las ferias de ingenier\u00eda mec\u00e1nica m\u00e1s importantes del mundo debido a la pandemia, el especialista de Wasseralfingen en centros de mecanizado y m\u00e1quinas de columna m\u00f3vil, SHW, pasa a la ofensiva.","og_url":"https:\/\/shw-wm.de\/es\/jornadas-de-innovacion-en-shw-wm\/","og_site_name":"SHW - Werkzeugmaschinen","article_publisher":"https:\/\/www.facebook.com\/SHWWM","article_published_time":"2020-10-13T20:19:39+00:00","article_modified_time":"2025-10-13T12:35:01+00:00","og_image":[{"width":275,"height":119,"url":"https:\/\/shw-wm.de\/wp-content\/uploads\/2021_Logo_mit_Flagge-removebg-preview.png","type":"image\/png"}],"author":"jweiss","twitter_card":"summary_large_image","twitter_creator":"@SHW_WM_Gmbh","twitter_site":"@SHW_WM_Gmbh","twitter_misc":{"Escrito por":"jweiss","Tiempo de lectura":"1 minuto"},"schema":{"@context":"https:\/\/schema.org","@graph":[{"@type":"Article","@id":"https:\/\/shw-wm.de\/es\/jornadas-de-innovacion-en-shw-wm\/#article","isPartOf":{"@id":"https:\/\/shw-wm.de\/es\/jornadas-de-innovacion-en-shw-wm\/"},"author":{"name":"jweiss","@id":"https:\/\/shw-wm.de\/#\/schema\/person\/6fbe9d30a891f73d56b6c58617d3cd63"},"headline":"Jornadas de Innovaci\u00f3n en SHW WM","datePublished":"2020-10-13T20:19:39+00:00","dateModified":"2025-10-13T12:35:01+00:00","mainEntityOfPage":{"@id":"https:\/\/shw-wm.de\/es\/jornadas-de-innovacion-en-shw-wm\/"},"wordCount":260,"publisher":{"@id":"https:\/\/shw-wm.de\/#organization"},"articleSection":["Prensa SHW"],"inLanguage":"es"},{"@type":"WebPage","@id":"https:\/\/shw-wm.de\/es\/jornadas-de-innovacion-en-shw-wm\/","url":"https:\/\/shw-wm.de\/es\/jornadas-de-innovacion-en-shw-wm\/","name":"Jornadas de Innovaci\u00f3n en SHW WM | SHW - Werkzeugmaschinen","isPartOf":{"@id":"https:\/\/shw-wm.de\/#website"},"datePublished":"2020-10-13T20:19:39+00:00","dateModified":"2025-10-13T12:35:01+00:00","description":"Tras la cancelaci\u00f3n de las ferias de ingenier\u00eda mec\u00e1nica m\u00e1s importantes del mundo debido a la pandemia, el especialista de Wasseralfingen en centros de mecanizado y m\u00e1quinas de columna m\u00f3vil, SHW, pasa a la ofensiva.","breadcrumb":{"@id":"https:\/\/shw-wm.de\/es\/jornadas-de-innovacion-en-shw-wm\/#breadcrumb"},"inLanguage":"es","potentialAction":[{"@type":"ReadAction","target":["https:\/\/shw-wm.de\/es\/jornadas-de-innovacion-en-shw-wm\/"]}]},{"@type":"BreadcrumbList","@id":"https:\/\/shw-wm.de\/es\/jornadas-de-innovacion-en-shw-wm\/#breadcrumb","itemListElement":[{"@type":"ListItem","position":1,"name":"Home","item":"https:\/\/shw-wm.de\/es\/inicio\/"},{"@type":"ListItem","position":2,"name":"Jornadas de Innovaci\u00f3n en SHW WM"}]},{"@type":"WebSite","@id":"https:\/\/shw-wm.de\/#website","url":"https:\/\/shw-wm.de\/","name":"SHW - Werkzeugmaschinen","description":"Hersteller von Fahrst\u00e4ndermaschinen","publisher":{"@id":"https:\/\/shw-wm.de\/#organization"},"potentialAction":[{"@type":"SearchAction","target":{"@type":"EntryPoint","urlTemplate":"https:\/\/shw-wm.de\/?s={search_term_string}"},"query-input":{"@type":"PropertyValueSpecification","valueRequired":true,"valueName":"search_term_string"}}],"inLanguage":"es"},{"@type":"Organization","@id":"https:\/\/shw-wm.de\/#organization","name":"SHW - M\u00e1quinas herramienta","url":"https:\/\/shw-wm.de\/","logo":{"@type":"ImageObject","inLanguage":"es","@id":"https:\/\/shw-wm.de\/#\/schema\/logo\/image\/","url":"https:\/\/shw-wm.de\/wp-content\/uploads\/2021_Logo_mit_Flagge-1.jpg","contentUrl":"https:\/\/shw-wm.de\/wp-content\/uploads\/2021_Logo_mit_Flagge-1.jpg","width":275,"height":119,"caption":"SHW - M\u00e1quinas herramienta"},"image":{"@id":"https:\/\/shw-wm.de\/#\/schema\/logo\/image\/"},"sameAs":["https:\/\/www.facebook.com\/SHWWM","https:\/\/x.com\/SHW_WM_Gmbh","https:\/\/www.instagram.com\/shw_werkzeugmaschinen\/","https:\/\/www.youtube.com\/@SHWWerkzeugmaschinen"]},{"@type":"Person","@id":"https:\/\/shw-wm.de\/#\/schema\/person\/6fbe9d30a891f73d56b6c58617d3cd63","name":"jweiss","url":"https:\/\/shw-wm.de\/es\/author\/jweiss\/"}]}},"_links":{"self":[{"href":"https:\/\/shw-wm.de\/es\/wp-json\/wp\/v2\/posts\/17459","targetHints":{"allow":["GET"]}}],"collection":[{"href":"https:\/\/shw-wm.de\/es\/wp-json\/wp\/v2\/posts"}],"about":[{"href":"https:\/\/shw-wm.de\/es\/wp-json\/wp\/v2\/types\/post"}],"author":[{"embeddable":true,"href":"https:\/\/shw-wm.de\/es\/wp-json\/wp\/v2\/users\/3"}],"replies":[{"embeddable":true,"href":"https:\/\/shw-wm.de\/es\/wp-json\/wp\/v2\/comments?post=17459"}],"version-history":[{"count":1,"href":"https:\/\/shw-wm.de\/es\/wp-json\/wp\/v2\/posts\/17459\/revisions"}],"predecessor-version":[{"id":17462,"href":"https:\/\/shw-wm.de\/es\/wp-json\/wp\/v2\/posts\/17459\/revisions\/17462"}],"wp:attachment":[{"href":"https:\/\/shw-wm.de\/es\/wp-json\/wp\/v2\/media?parent=17459"}],"wp:term":[{"taxonomy":"category","embeddable":true,"href":"https:\/\/shw-wm.de\/es\/wp-json\/wp\/v2\/categories?post=17459"},{"taxonomy":"post_tag","embeddable":true,"href":"https:\/\/shw-wm.de\/es\/wp-json\/wp\/v2\/tags?post=17459"}],"curies":[{"name":"wp","href":"https:\/\/api.w.org\/{rel}","templated":true}]}}