{"id":17460,"date":"2019-12-20T08:20:00","date_gmt":"2019-12-20T07:20:00","guid":{"rendered":"https:\/\/shw-wm.de\/la-ciudad-y-shw-wm-cooperan-en-la-proteccion-del-clima\/"},"modified":"2025-10-13T14:35:02","modified_gmt":"2025-10-13T12:35:02","slug":"la-ciudad-y-shw-wm-cooperan-en-la-proteccion-del-clima","status":"publish","type":"post","link":"https:\/\/shw-wm.de\/es\/la-ciudad-y-shw-wm-cooperan-en-la-proteccion-del-clima\/","title":{"rendered":"La ciudad y SHW WM cooperan en la protecci\u00f3n del clima"},"content":{"rendered":"\n<p><strong>El fabricante de m\u00e1quinas-herramienta plantar\u00e1 m\u00e1s de 300 \u00e1rboles en la ciudad la pr\u00f3xima primavera<\/strong><\/p>\n\n<p>SHW Werkzeugmaschinen GmbH (SHW WM), con sede en Wasseralfingen, ha decidido prescindir de los regalos de Navidad y quiere contribuir a la protecci\u00f3n del clima. La empresa se ha puesto en contacto con la ciudad de Aalen porque quiere plantar m\u00e1s de 300 \u00e1rboles en terrenos municipales en la primavera de 2020. Con el apoyo de la escuela asociada Kopernikus-Gymnasium y de los empleados, la campa\u00f1a de plantaci\u00f3n ser\u00e1 coordinada por la administraci\u00f3n municipal.    <\/p>\n\n<p>\u00abLa campa\u00f1a es un buen ejemplo de la combinaci\u00f3n de ecolog\u00eda, econom\u00eda y responsabilidad social. SHW WM transmite parte de su \u00e9xito econ\u00f3mico a la comunidad e implica a escolares y empleados en su compromiso ecol\u00f3gico\u00bb, declar\u00f3 el alcalde Thilo Rentschler en la entrega simb\u00f3lica de un plant\u00f3n de \u00e1rbol por parte del director general de SHW WM, Martin Greis, en el Ayuntamiento de Aalen.  <\/p>\n\n<p>\u00abLa sostenibilidad es algo natural para nosotros cuando se trata de producir nuestras m\u00e1quinas energ\u00e9ticamente eficientes, generar electricidad renovable y calentar con nuestra propia planta de cogeneraci\u00f3n. Queremos dejar a las generaciones futuras un entorno vital neutro en emisiones de CO2\u00bb, afirma Martin Greis. Los \u00e1rboles se plantar\u00e1n en terrenos municipales y en bosques municipales. <\/p>\n","protected":false},"excerpt":{"rendered":"<p>El fabricante de m\u00e1quinas-herramienta plantar\u00e1 m\u00e1s de 300 \u00e1rboles en la ciudad la pr\u00f3xima primavera SHW Werkzeugmaschinen GmbH (SHW WM), con sede en Wasseralfingen, ha decidido prescindir de los regalos de Navidad y quiere contribuir a la protecci\u00f3n del clima. La empresa se ha puesto en contacto con la ciudad de Aalen porque quiere plantar [&hellip;]<\/p>\n","protected":false},"author":3,"featured_media":0,"comment_status":"closed","ping_status":"open","sticky":false,"template":"","format":"standard","meta":{"footnotes":""},"categories":[291,285],"tags":[],"class_list":["post-17460","post","type-post","status-publish","format-standard","hentry","category-prensa-shw","category-sin-categoria"],"yoast_head":"<!-- This site is optimized with the Yoast SEO plugin v27.4 - https:\/\/yoast.com\/product\/yoast-seo-wordpress\/ -->\n<title>La ciudad y SHW WM cooperan en la protecci\u00f3n del clima | SHW - Werkzeugmaschinen<\/title>\n<meta name=\"description\" content=\"El inversor SFO, con sede en M\u00fanich, adquiere a Zeitfracht, con sede en Berl\u00edn, las acciones restantes del fabricante de m\u00e1quinas-herramienta SHW Werkzeugmaschinen, con sede en Wasseralfingen, y sigue invirtiendo en el centro y en nuevos empleados % %.\" \/>\n<meta name=\"robots\" content=\"index, follow, max-snippet:-1, max-image-preview:large, max-video-preview:-1\" \/>\n<link rel=\"canonical\" href=\"https:\/\/shw-wm.de\/es\/la-ciudad-y-shw-wm-cooperan-en-la-proteccion-del-clima\/\" \/>\n<meta property=\"og:locale\" content=\"es_ES\" \/>\n<meta property=\"og:type\" content=\"article\" \/>\n<meta property=\"og:title\" content=\"La ciudad y SHW WM cooperan en la protecci\u00f3n del clima | SHW - Werkzeugmaschinen\" \/>\n<meta property=\"og:description\" content=\"El inversor SFO, con sede en M\u00fanich, adquiere a Zeitfracht, con sede en Berl\u00edn, las acciones restantes del fabricante de m\u00e1quinas-herramienta SHW Werkzeugmaschinen, con sede en Wasseralfingen, y sigue invirtiendo en el centro y en nuevos empleados % %.\" \/>\n<meta property=\"og:url\" content=\"https:\/\/shw-wm.de\/es\/la-ciudad-y-shw-wm-cooperan-en-la-proteccion-del-clima\/\" \/>\n<meta property=\"og:site_name\" content=\"SHW - Werkzeugmaschinen\" \/>\n<meta property=\"article:publisher\" content=\"https:\/\/www.facebook.com\/SHWWM\" \/>\n<meta property=\"article:published_time\" content=\"2019-12-20T07:20:00+00:00\" \/>\n<meta property=\"article:modified_time\" content=\"2025-10-13T12:35:02+00:00\" \/>\n<meta property=\"og:image\" content=\"https:\/\/shw-wm.de\/wp-content\/uploads\/2021_Logo_mit_Flagge-removebg-preview.png\" \/>\n\t<meta property=\"og:image:width\" content=\"275\" \/>\n\t<meta property=\"og:image:height\" content=\"119\" \/>\n\t<meta property=\"og:image:type\" content=\"image\/png\" \/>\n<meta name=\"author\" content=\"jweiss\" \/>\n<meta name=\"twitter:card\" content=\"summary_large_image\" \/>\n<meta name=\"twitter:creator\" content=\"@SHW_WM_Gmbh\" \/>\n<meta name=\"twitter:site\" content=\"@SHW_WM_Gmbh\" \/>\n<meta name=\"twitter:label1\" content=\"Escrito por\" \/>\n\t<meta name=\"twitter:data1\" content=\"jweiss\" \/>\n\t<meta name=\"twitter:label2\" content=\"Tiempo de lectura\" \/>\n\t<meta name=\"twitter:data2\" content=\"1 minuto\" \/>\n<script type=\"application\/ld+json\" class=\"yoast-schema-graph\">{\"@context\":\"https:\\\/\\\/schema.org\",\"@graph\":[{\"@type\":\"Article\",\"@id\":\"https:\\\/\\\/shw-wm.de\\\/es\\\/la-ciudad-y-shw-wm-cooperan-en-la-proteccion-del-clima\\\/#article\",\"isPartOf\":{\"@id\":\"https:\\\/\\\/shw-wm.de\\\/es\\\/la-ciudad-y-shw-wm-cooperan-en-la-proteccion-del-clima\\\/\"},\"author\":{\"name\":\"jweiss\",\"@id\":\"https:\\\/\\\/shw-wm.de\\\/#\\\/schema\\\/person\\\/6fbe9d30a891f73d56b6c58617d3cd63\"},\"headline\":\"La ciudad y SHW WM cooperan en la protecci\u00f3n del clima\",\"datePublished\":\"2019-12-20T07:20:00+00:00\",\"dateModified\":\"2025-10-13T12:35:02+00:00\",\"mainEntityOfPage\":{\"@id\":\"https:\\\/\\\/shw-wm.de\\\/es\\\/la-ciudad-y-shw-wm-cooperan-en-la-proteccion-del-clima\\\/\"},\"wordCount\":238,\"publisher\":{\"@id\":\"https:\\\/\\\/shw-wm.de\\\/#organization\"},\"articleSection\":[\"Prensa SHW\"],\"inLanguage\":\"es\"},{\"@type\":\"WebPage\",\"@id\":\"https:\\\/\\\/shw-wm.de\\\/es\\\/la-ciudad-y-shw-wm-cooperan-en-la-proteccion-del-clima\\\/\",\"url\":\"https:\\\/\\\/shw-wm.de\\\/es\\\/la-ciudad-y-shw-wm-cooperan-en-la-proteccion-del-clima\\\/\",\"name\":\"La ciudad y SHW WM cooperan en la protecci\u00f3n del clima | SHW - Werkzeugmaschinen\",\"isPartOf\":{\"@id\":\"https:\\\/\\\/shw-wm.de\\\/#website\"},\"datePublished\":\"2019-12-20T07:20:00+00:00\",\"dateModified\":\"2025-10-13T12:35:02+00:00\",\"description\":\"El inversor SFO, con sede en M\u00fanich, adquiere a Zeitfracht, con sede en Berl\u00edn, las acciones restantes del fabricante de m\u00e1quinas-herramienta SHW Werkzeugmaschinen, con sede en Wasseralfingen, y sigue invirtiendo en el centro y en nuevos empleados % %.\",\"breadcrumb\":{\"@id\":\"https:\\\/\\\/shw-wm.de\\\/es\\\/la-ciudad-y-shw-wm-cooperan-en-la-proteccion-del-clima\\\/#breadcrumb\"},\"inLanguage\":\"es\",\"potentialAction\":[{\"@type\":\"ReadAction\",\"target\":[\"https:\\\/\\\/shw-wm.de\\\/es\\\/la-ciudad-y-shw-wm-cooperan-en-la-proteccion-del-clima\\\/\"]}]},{\"@type\":\"BreadcrumbList\",\"@id\":\"https:\\\/\\\/shw-wm.de\\\/es\\\/la-ciudad-y-shw-wm-cooperan-en-la-proteccion-del-clima\\\/#breadcrumb\",\"itemListElement\":[{\"@type\":\"ListItem\",\"position\":1,\"name\":\"Home\",\"item\":\"https:\\\/\\\/shw-wm.de\\\/es\\\/inicio\\\/\"},{\"@type\":\"ListItem\",\"position\":2,\"name\":\"La ciudad y SHW WM cooperan en la protecci\u00f3n del clima\"}]},{\"@type\":\"WebSite\",\"@id\":\"https:\\\/\\\/shw-wm.de\\\/#website\",\"url\":\"https:\\\/\\\/shw-wm.de\\\/\",\"name\":\"SHW - Werkzeugmaschinen\",\"description\":\"Hersteller von Fahrst\u00e4ndermaschinen\",\"publisher\":{\"@id\":\"https:\\\/\\\/shw-wm.de\\\/#organization\"},\"potentialAction\":[{\"@type\":\"SearchAction\",\"target\":{\"@type\":\"EntryPoint\",\"urlTemplate\":\"https:\\\/\\\/shw-wm.de\\\/?s={search_term_string}\"},\"query-input\":{\"@type\":\"PropertyValueSpecification\",\"valueRequired\":true,\"valueName\":\"search_term_string\"}}],\"inLanguage\":\"es\"},{\"@type\":\"Organization\",\"@id\":\"https:\\\/\\\/shw-wm.de\\\/#organization\",\"name\":\"SHW - M\u00e1quinas herramienta\",\"url\":\"https:\\\/\\\/shw-wm.de\\\/\",\"logo\":{\"@type\":\"ImageObject\",\"inLanguage\":\"es\",\"@id\":\"https:\\\/\\\/shw-wm.de\\\/#\\\/schema\\\/logo\\\/image\\\/\",\"url\":\"https:\\\/\\\/shw-wm.de\\\/wp-content\\\/uploads\\\/2021_Logo_mit_Flagge-1.jpg\",\"contentUrl\":\"https:\\\/\\\/shw-wm.de\\\/wp-content\\\/uploads\\\/2021_Logo_mit_Flagge-1.jpg\",\"width\":275,\"height\":119,\"caption\":\"SHW - M\u00e1quinas herramienta\"},\"image\":{\"@id\":\"https:\\\/\\\/shw-wm.de\\\/#\\\/schema\\\/logo\\\/image\\\/\"},\"sameAs\":[\"https:\\\/\\\/www.facebook.com\\\/SHWWM\",\"https:\\\/\\\/x.com\\\/SHW_WM_Gmbh\",\"https:\\\/\\\/www.instagram.com\\\/shw_werkzeugmaschinen\\\/\",\"https:\\\/\\\/www.youtube.com\\\/@SHWWerkzeugmaschinen\"]},{\"@type\":\"Person\",\"@id\":\"https:\\\/\\\/shw-wm.de\\\/#\\\/schema\\\/person\\\/6fbe9d30a891f73d56b6c58617d3cd63\",\"name\":\"jweiss\",\"url\":\"https:\\\/\\\/shw-wm.de\\\/es\\\/author\\\/jweiss\\\/\"}]}<\/script>\n<!-- \/ Yoast SEO plugin. -->","yoast_head_json":{"title":"La ciudad y SHW WM cooperan en la protecci\u00f3n del clima | SHW - Werkzeugmaschinen","description":"El inversor SFO, con sede en M\u00fanich, adquiere a Zeitfracht, con sede en Berl\u00edn, las acciones restantes del fabricante de m\u00e1quinas-herramienta SHW Werkzeugmaschinen, con sede en Wasseralfingen, y sigue invirtiendo en el centro y en nuevos empleados % %.","robots":{"index":"index","follow":"follow","max-snippet":"max-snippet:-1","max-image-preview":"max-image-preview:large","max-video-preview":"max-video-preview:-1"},"canonical":"https:\/\/shw-wm.de\/es\/la-ciudad-y-shw-wm-cooperan-en-la-proteccion-del-clima\/","og_locale":"es_ES","og_type":"article","og_title":"La ciudad y SHW WM cooperan en la protecci\u00f3n del clima | SHW - Werkzeugmaschinen","og_description":"El inversor SFO, con sede en M\u00fanich, adquiere a Zeitfracht, con sede en Berl\u00edn, las acciones restantes del fabricante de m\u00e1quinas-herramienta SHW Werkzeugmaschinen, con sede en Wasseralfingen, y sigue invirtiendo en el centro y en nuevos empleados % %.","og_url":"https:\/\/shw-wm.de\/es\/la-ciudad-y-shw-wm-cooperan-en-la-proteccion-del-clima\/","og_site_name":"SHW - Werkzeugmaschinen","article_publisher":"https:\/\/www.facebook.com\/SHWWM","article_published_time":"2019-12-20T07:20:00+00:00","article_modified_time":"2025-10-13T12:35:02+00:00","og_image":[{"width":275,"height":119,"url":"https:\/\/shw-wm.de\/wp-content\/uploads\/2021_Logo_mit_Flagge-removebg-preview.png","type":"image\/png"}],"author":"jweiss","twitter_card":"summary_large_image","twitter_creator":"@SHW_WM_Gmbh","twitter_site":"@SHW_WM_Gmbh","twitter_misc":{"Escrito por":"jweiss","Tiempo de lectura":"1 minuto"},"schema":{"@context":"https:\/\/schema.org","@graph":[{"@type":"Article","@id":"https:\/\/shw-wm.de\/es\/la-ciudad-y-shw-wm-cooperan-en-la-proteccion-del-clima\/#article","isPartOf":{"@id":"https:\/\/shw-wm.de\/es\/la-ciudad-y-shw-wm-cooperan-en-la-proteccion-del-clima\/"},"author":{"name":"jweiss","@id":"https:\/\/shw-wm.de\/#\/schema\/person\/6fbe9d30a891f73d56b6c58617d3cd63"},"headline":"La ciudad y SHW WM cooperan en la protecci\u00f3n del clima","datePublished":"2019-12-20T07:20:00+00:00","dateModified":"2025-10-13T12:35:02+00:00","mainEntityOfPage":{"@id":"https:\/\/shw-wm.de\/es\/la-ciudad-y-shw-wm-cooperan-en-la-proteccion-del-clima\/"},"wordCount":238,"publisher":{"@id":"https:\/\/shw-wm.de\/#organization"},"articleSection":["Prensa SHW"],"inLanguage":"es"},{"@type":"WebPage","@id":"https:\/\/shw-wm.de\/es\/la-ciudad-y-shw-wm-cooperan-en-la-proteccion-del-clima\/","url":"https:\/\/shw-wm.de\/es\/la-ciudad-y-shw-wm-cooperan-en-la-proteccion-del-clima\/","name":"La ciudad y SHW WM cooperan en la protecci\u00f3n del clima | SHW - Werkzeugmaschinen","isPartOf":{"@id":"https:\/\/shw-wm.de\/#website"},"datePublished":"2019-12-20T07:20:00+00:00","dateModified":"2025-10-13T12:35:02+00:00","description":"El inversor SFO, con sede en M\u00fanich, adquiere a Zeitfracht, con sede en Berl\u00edn, las acciones restantes del fabricante de m\u00e1quinas-herramienta SHW Werkzeugmaschinen, con sede en Wasseralfingen, y sigue invirtiendo en el centro y en nuevos empleados % %.","breadcrumb":{"@id":"https:\/\/shw-wm.de\/es\/la-ciudad-y-shw-wm-cooperan-en-la-proteccion-del-clima\/#breadcrumb"},"inLanguage":"es","potentialAction":[{"@type":"ReadAction","target":["https:\/\/shw-wm.de\/es\/la-ciudad-y-shw-wm-cooperan-en-la-proteccion-del-clima\/"]}]},{"@type":"BreadcrumbList","@id":"https:\/\/shw-wm.de\/es\/la-ciudad-y-shw-wm-cooperan-en-la-proteccion-del-clima\/#breadcrumb","itemListElement":[{"@type":"ListItem","position":1,"name":"Home","item":"https:\/\/shw-wm.de\/es\/inicio\/"},{"@type":"ListItem","position":2,"name":"La ciudad y SHW WM cooperan en la protecci\u00f3n del clima"}]},{"@type":"WebSite","@id":"https:\/\/shw-wm.de\/#website","url":"https:\/\/shw-wm.de\/","name":"SHW - Werkzeugmaschinen","description":"Hersteller von Fahrst\u00e4ndermaschinen","publisher":{"@id":"https:\/\/shw-wm.de\/#organization"},"potentialAction":[{"@type":"SearchAction","target":{"@type":"EntryPoint","urlTemplate":"https:\/\/shw-wm.de\/?s={search_term_string}"},"query-input":{"@type":"PropertyValueSpecification","valueRequired":true,"valueName":"search_term_string"}}],"inLanguage":"es"},{"@type":"Organization","@id":"https:\/\/shw-wm.de\/#organization","name":"SHW - M\u00e1quinas herramienta","url":"https:\/\/shw-wm.de\/","logo":{"@type":"ImageObject","inLanguage":"es","@id":"https:\/\/shw-wm.de\/#\/schema\/logo\/image\/","url":"https:\/\/shw-wm.de\/wp-content\/uploads\/2021_Logo_mit_Flagge-1.jpg","contentUrl":"https:\/\/shw-wm.de\/wp-content\/uploads\/2021_Logo_mit_Flagge-1.jpg","width":275,"height":119,"caption":"SHW - M\u00e1quinas herramienta"},"image":{"@id":"https:\/\/shw-wm.de\/#\/schema\/logo\/image\/"},"sameAs":["https:\/\/www.facebook.com\/SHWWM","https:\/\/x.com\/SHW_WM_Gmbh","https:\/\/www.instagram.com\/shw_werkzeugmaschinen\/","https:\/\/www.youtube.com\/@SHWWerkzeugmaschinen"]},{"@type":"Person","@id":"https:\/\/shw-wm.de\/#\/schema\/person\/6fbe9d30a891f73d56b6c58617d3cd63","name":"jweiss","url":"https:\/\/shw-wm.de\/es\/author\/jweiss\/"}]}},"_links":{"self":[{"href":"https:\/\/shw-wm.de\/es\/wp-json\/wp\/v2\/posts\/17460","targetHints":{"allow":["GET"]}}],"collection":[{"href":"https:\/\/shw-wm.de\/es\/wp-json\/wp\/v2\/posts"}],"about":[{"href":"https:\/\/shw-wm.de\/es\/wp-json\/wp\/v2\/types\/post"}],"author":[{"embeddable":true,"href":"https:\/\/shw-wm.de\/es\/wp-json\/wp\/v2\/users\/3"}],"replies":[{"embeddable":true,"href":"https:\/\/shw-wm.de\/es\/wp-json\/wp\/v2\/comments?post=17460"}],"version-history":[{"count":1,"href":"https:\/\/shw-wm.de\/es\/wp-json\/wp\/v2\/posts\/17460\/revisions"}],"predecessor-version":[{"id":17461,"href":"https:\/\/shw-wm.de\/es\/wp-json\/wp\/v2\/posts\/17460\/revisions\/17461"}],"wp:attachment":[{"href":"https:\/\/shw-wm.de\/es\/wp-json\/wp\/v2\/media?parent=17460"}],"wp:term":[{"taxonomy":"category","embeddable":true,"href":"https:\/\/shw-wm.de\/es\/wp-json\/wp\/v2\/categories?post=17460"},{"taxonomy":"post_tag","embeddable":true,"href":"https:\/\/shw-wm.de\/es\/wp-json\/wp\/v2\/tags?post=17460"}],"curies":[{"name":"wp","href":"https:\/\/api.w.org\/{rel}","templated":true}]}}