{"id":17476,"date":"2019-04-03T17:28:44","date_gmt":"2019-04-03T15:28:44","guid":{"rendered":"https:\/\/shw-wm.de\/informe-sobre-la-feria-intec-leipzig-05-08-febrero-2019\/"},"modified":"2025-10-13T14:35:01","modified_gmt":"2025-10-13T12:35:01","slug":"informe-sobre-la-feria-intec-leipzig-05-08-febrero-2019","status":"publish","type":"post","link":"https:\/\/shw-wm.de\/es\/informe-sobre-la-feria-intec-leipzig-05-08-febrero-2019\/","title":{"rendered":"Informe sobre la feria Intec Leipzig 05-08 febrero 2019"},"content":{"rendered":"\t\t<div data-elementor-type=\"wp-post\" data-elementor-id=\"17476\" class=\"elementor elementor-17476 elementor-7233 elementor-bc-flex-widget\" data-elementor-post-type=\"post\">\n\t\t\t\t\t\t<section class=\"elementor-section elementor-top-section elementor-element elementor-element-53dc991a elementor-section-boxed elementor-section-height-default elementor-section-height-default\" data-id=\"53dc991a\" data-element_type=\"section\" data-e-type=\"section\">\n\t\t\t\t\t\t<div class=\"elementor-container elementor-column-gap-default\">\n\t\t\t\t\t<div class=\"elementor-column elementor-col-100 elementor-top-column elementor-element elementor-element-7a028b75\" data-id=\"7a028b75\" data-element_type=\"column\" data-e-type=\"column\">\n\t\t\t<div class=\"elementor-widget-wrap elementor-element-populated\">\n\t\t\t\t\t\t<div class=\"elementor-element elementor-element-c20cdd7 elementor-widget elementor-widget-text-editor\" data-id=\"c20cdd7\" data-element_type=\"widget\" data-e-type=\"widget\" data-widget_type=\"text-editor.default\">\n\t\t\t\t<div class=\"elementor-widget-container\">\n\t\t\t\t\t\t\t\t\t<p><strong>SHW Werkzeugmaschinen da nuevas se\u00f1ales positivas en Intec 2019<\/strong><\/p><p>SHW Werkzeugmaschinen GmbH pudo presentarse como un <strong>socio fiable e innovador<\/strong> para el futuro en la edici\u00f3n de este a\u00f1o de Intec en Leipzig con m\u00e1s de 1000 expositores internacionales. La respuesta positiva de los clientes confirm\u00f3 la <g id=\"gid_1\">tendencia al alza desde la reanudaci\u00f3n en 2018<\/g>. SHW Werkzeugmaschinen GmbH desea expresar su sincero agradecimiento por las constructivas conversaciones y la confianza depositada en nosotros, que se refleja en numerosos pedidos nuevos.  <\/p>\t\t\t\t\t\t\t\t<\/div>\n\t\t\t\t<\/div>\n\t\t\t\t\t<\/div>\n\t\t<\/div>\n\t\t\t\t\t<\/div>\n\t\t<\/section>\n\t\t\t\t<\/div>\n\t\t","protected":false},"excerpt":{"rendered":"<p>SHW Werkzeugmaschinen da nuevas se\u00f1ales positivas en Intec 2019 SHW Werkzeugmaschinen GmbH pudo presentarse como un socio fiable e innovador para el futuro en la edici\u00f3n de este a\u00f1o de Intec en Leipzig con m\u00e1s de 1000 expositores internacionales. La respuesta positiva de los clientes confirm\u00f3 la tendencia al alza desde la reanudaci\u00f3n en 2018. [&hellip;]<\/p>\n","protected":false},"author":3,"featured_media":0,"comment_status":"open","ping_status":"open","sticky":false,"template":"","format":"standard","meta":{"footnotes":""},"categories":[291,285],"tags":[],"class_list":["post-17476","post","type-post","status-publish","format-standard","hentry","category-prensa-shw","category-sin-categoria"],"yoast_head":"<!-- This site is optimized with the Yoast SEO plugin v27.4 - https:\/\/yoast.com\/product\/yoast-seo-wordpress\/ -->\n<title>Informe sobre la feria Intec Leipzig 05-08 febrero 2019 | SHW - Werkzeugmaschinen<\/title>\n<meta name=\"robots\" content=\"index, follow, max-snippet:-1, max-image-preview:large, max-video-preview:-1\" \/>\n<link rel=\"canonical\" href=\"https:\/\/shw-wm.de\/es\/informe-sobre-la-feria-intec-leipzig-05-08-febrero-2019\/\" \/>\n<meta property=\"og:locale\" content=\"es_ES\" \/>\n<meta property=\"og:type\" content=\"article\" \/>\n<meta property=\"og:title\" content=\"Informe sobre la feria Intec Leipzig 05-08 febrero 2019 | SHW - Werkzeugmaschinen\" \/>\n<meta property=\"og:description\" content=\"SHW Werkzeugmaschinen da nuevas se\u00f1ales positivas en Intec 2019 SHW Werkzeugmaschinen GmbH pudo presentarse como un socio fiable e innovador para el futuro en la edici\u00f3n de este a\u00f1o de Intec en Leipzig con m\u00e1s de 1000 expositores internacionales. La respuesta positiva de los clientes confirm\u00f3 la tendencia al alza desde la reanudaci\u00f3n en 2018. [&hellip;]\" \/>\n<meta property=\"og:url\" content=\"https:\/\/shw-wm.de\/es\/informe-sobre-la-feria-intec-leipzig-05-08-febrero-2019\/\" \/>\n<meta property=\"og:site_name\" content=\"SHW - Werkzeugmaschinen\" \/>\n<meta property=\"article:publisher\" content=\"https:\/\/www.facebook.com\/SHWWM\" \/>\n<meta property=\"article:published_time\" content=\"2019-04-03T15:28:44+00:00\" \/>\n<meta property=\"article:modified_time\" content=\"2025-10-13T12:35:01+00:00\" \/>\n<meta property=\"og:image\" content=\"https:\/\/shw-wm.de\/wp-content\/uploads\/2021_Logo_mit_Flagge-removebg-preview.png\" \/>\n\t<meta property=\"og:image:width\" content=\"275\" \/>\n\t<meta property=\"og:image:height\" content=\"119\" \/>\n\t<meta property=\"og:image:type\" content=\"image\/png\" \/>\n<meta name=\"author\" content=\"jweiss\" \/>\n<meta name=\"twitter:card\" content=\"summary_large_image\" \/>\n<meta name=\"twitter:creator\" content=\"@SHW_WM_Gmbh\" \/>\n<meta name=\"twitter:site\" content=\"@SHW_WM_Gmbh\" \/>\n<meta name=\"twitter:label1\" content=\"Escrito por\" \/>\n\t<meta name=\"twitter:data1\" content=\"jweiss\" \/>\n<script type=\"application\/ld+json\" class=\"yoast-schema-graph\">{\"@context\":\"https:\\\/\\\/schema.org\",\"@graph\":[{\"@type\":\"Article\",\"@id\":\"https:\\\/\\\/shw-wm.de\\\/es\\\/informe-sobre-la-feria-intec-leipzig-05-08-febrero-2019\\\/#article\",\"isPartOf\":{\"@id\":\"https:\\\/\\\/shw-wm.de\\\/es\\\/informe-sobre-la-feria-intec-leipzig-05-08-febrero-2019\\\/\"},\"author\":{\"name\":\"jweiss\",\"@id\":\"https:\\\/\\\/shw-wm.de\\\/#\\\/schema\\\/person\\\/6fbe9d30a891f73d56b6c58617d3cd63\"},\"headline\":\"Informe sobre la feria Intec Leipzig 05-08 febrero 2019\",\"datePublished\":\"2019-04-03T15:28:44+00:00\",\"dateModified\":\"2025-10-13T12:35:01+00:00\",\"mainEntityOfPage\":{\"@id\":\"https:\\\/\\\/shw-wm.de\\\/es\\\/informe-sobre-la-feria-intec-leipzig-05-08-febrero-2019\\\/\"},\"wordCount\":90,\"commentCount\":0,\"publisher\":{\"@id\":\"https:\\\/\\\/shw-wm.de\\\/#organization\"},\"articleSection\":[\"Prensa SHW\"],\"inLanguage\":\"es\",\"potentialAction\":[{\"@type\":\"CommentAction\",\"name\":\"Comment\",\"target\":[\"https:\\\/\\\/shw-wm.de\\\/es\\\/informe-sobre-la-feria-intec-leipzig-05-08-febrero-2019\\\/#respond\"]}]},{\"@type\":\"WebPage\",\"@id\":\"https:\\\/\\\/shw-wm.de\\\/es\\\/informe-sobre-la-feria-intec-leipzig-05-08-febrero-2019\\\/\",\"url\":\"https:\\\/\\\/shw-wm.de\\\/es\\\/informe-sobre-la-feria-intec-leipzig-05-08-febrero-2019\\\/\",\"name\":\"Informe sobre la feria Intec Leipzig 05-08 febrero 2019 | SHW - Werkzeugmaschinen\",\"isPartOf\":{\"@id\":\"https:\\\/\\\/shw-wm.de\\\/#website\"},\"datePublished\":\"2019-04-03T15:28:44+00:00\",\"dateModified\":\"2025-10-13T12:35:01+00:00\",\"breadcrumb\":{\"@id\":\"https:\\\/\\\/shw-wm.de\\\/es\\\/informe-sobre-la-feria-intec-leipzig-05-08-febrero-2019\\\/#breadcrumb\"},\"inLanguage\":\"es\",\"potentialAction\":[{\"@type\":\"ReadAction\",\"target\":[\"https:\\\/\\\/shw-wm.de\\\/es\\\/informe-sobre-la-feria-intec-leipzig-05-08-febrero-2019\\\/\"]}]},{\"@type\":\"BreadcrumbList\",\"@id\":\"https:\\\/\\\/shw-wm.de\\\/es\\\/informe-sobre-la-feria-intec-leipzig-05-08-febrero-2019\\\/#breadcrumb\",\"itemListElement\":[{\"@type\":\"ListItem\",\"position\":1,\"name\":\"Home\",\"item\":\"https:\\\/\\\/shw-wm.de\\\/es\\\/inicio\\\/\"},{\"@type\":\"ListItem\",\"position\":2,\"name\":\"Informe sobre la feria Intec Leipzig 05-08 febrero 2019\"}]},{\"@type\":\"WebSite\",\"@id\":\"https:\\\/\\\/shw-wm.de\\\/#website\",\"url\":\"https:\\\/\\\/shw-wm.de\\\/\",\"name\":\"SHW - Werkzeugmaschinen\",\"description\":\"Hersteller von Fahrst\u00e4ndermaschinen\",\"publisher\":{\"@id\":\"https:\\\/\\\/shw-wm.de\\\/#organization\"},\"potentialAction\":[{\"@type\":\"SearchAction\",\"target\":{\"@type\":\"EntryPoint\",\"urlTemplate\":\"https:\\\/\\\/shw-wm.de\\\/?s={search_term_string}\"},\"query-input\":{\"@type\":\"PropertyValueSpecification\",\"valueRequired\":true,\"valueName\":\"search_term_string\"}}],\"inLanguage\":\"es\"},{\"@type\":\"Organization\",\"@id\":\"https:\\\/\\\/shw-wm.de\\\/#organization\",\"name\":\"SHW - M\u00e1quinas herramienta\",\"url\":\"https:\\\/\\\/shw-wm.de\\\/\",\"logo\":{\"@type\":\"ImageObject\",\"inLanguage\":\"es\",\"@id\":\"https:\\\/\\\/shw-wm.de\\\/#\\\/schema\\\/logo\\\/image\\\/\",\"url\":\"https:\\\/\\\/shw-wm.de\\\/wp-content\\\/uploads\\\/2021_Logo_mit_Flagge-1.jpg\",\"contentUrl\":\"https:\\\/\\\/shw-wm.de\\\/wp-content\\\/uploads\\\/2021_Logo_mit_Flagge-1.jpg\",\"width\":275,\"height\":119,\"caption\":\"SHW - M\u00e1quinas herramienta\"},\"image\":{\"@id\":\"https:\\\/\\\/shw-wm.de\\\/#\\\/schema\\\/logo\\\/image\\\/\"},\"sameAs\":[\"https:\\\/\\\/www.facebook.com\\\/SHWWM\",\"https:\\\/\\\/x.com\\\/SHW_WM_Gmbh\",\"https:\\\/\\\/www.instagram.com\\\/shw_werkzeugmaschinen\\\/\",\"https:\\\/\\\/www.youtube.com\\\/@SHWWerkzeugmaschinen\"]},{\"@type\":\"Person\",\"@id\":\"https:\\\/\\\/shw-wm.de\\\/#\\\/schema\\\/person\\\/6fbe9d30a891f73d56b6c58617d3cd63\",\"name\":\"jweiss\",\"url\":\"https:\\\/\\\/shw-wm.de\\\/es\\\/author\\\/jweiss\\\/\"}]}<\/script>\n<!-- \/ Yoast SEO plugin. -->","yoast_head_json":{"title":"Informe sobre la feria Intec Leipzig 05-08 febrero 2019 | SHW - Werkzeugmaschinen","robots":{"index":"index","follow":"follow","max-snippet":"max-snippet:-1","max-image-preview":"max-image-preview:large","max-video-preview":"max-video-preview:-1"},"canonical":"https:\/\/shw-wm.de\/es\/informe-sobre-la-feria-intec-leipzig-05-08-febrero-2019\/","og_locale":"es_ES","og_type":"article","og_title":"Informe sobre la feria Intec Leipzig 05-08 febrero 2019 | SHW - Werkzeugmaschinen","og_description":"SHW Werkzeugmaschinen da nuevas se\u00f1ales positivas en Intec 2019 SHW Werkzeugmaschinen GmbH pudo presentarse como un socio fiable e innovador para el futuro en la edici\u00f3n de este a\u00f1o de Intec en Leipzig con m\u00e1s de 1000 expositores internacionales. La respuesta positiva de los clientes confirm\u00f3 la tendencia al alza desde la reanudaci\u00f3n en 2018. [&hellip;]","og_url":"https:\/\/shw-wm.de\/es\/informe-sobre-la-feria-intec-leipzig-05-08-febrero-2019\/","og_site_name":"SHW - Werkzeugmaschinen","article_publisher":"https:\/\/www.facebook.com\/SHWWM","article_published_time":"2019-04-03T15:28:44+00:00","article_modified_time":"2025-10-13T12:35:01+00:00","og_image":[{"width":275,"height":119,"url":"https:\/\/shw-wm.de\/wp-content\/uploads\/2021_Logo_mit_Flagge-removebg-preview.png","type":"image\/png"}],"author":"jweiss","twitter_card":"summary_large_image","twitter_creator":"@SHW_WM_Gmbh","twitter_site":"@SHW_WM_Gmbh","twitter_misc":{"Escrito por":"jweiss"},"schema":{"@context":"https:\/\/schema.org","@graph":[{"@type":"Article","@id":"https:\/\/shw-wm.de\/es\/informe-sobre-la-feria-intec-leipzig-05-08-febrero-2019\/#article","isPartOf":{"@id":"https:\/\/shw-wm.de\/es\/informe-sobre-la-feria-intec-leipzig-05-08-febrero-2019\/"},"author":{"name":"jweiss","@id":"https:\/\/shw-wm.de\/#\/schema\/person\/6fbe9d30a891f73d56b6c58617d3cd63"},"headline":"Informe sobre la feria Intec Leipzig 05-08 febrero 2019","datePublished":"2019-04-03T15:28:44+00:00","dateModified":"2025-10-13T12:35:01+00:00","mainEntityOfPage":{"@id":"https:\/\/shw-wm.de\/es\/informe-sobre-la-feria-intec-leipzig-05-08-febrero-2019\/"},"wordCount":90,"commentCount":0,"publisher":{"@id":"https:\/\/shw-wm.de\/#organization"},"articleSection":["Prensa SHW"],"inLanguage":"es","potentialAction":[{"@type":"CommentAction","name":"Comment","target":["https:\/\/shw-wm.de\/es\/informe-sobre-la-feria-intec-leipzig-05-08-febrero-2019\/#respond"]}]},{"@type":"WebPage","@id":"https:\/\/shw-wm.de\/es\/informe-sobre-la-feria-intec-leipzig-05-08-febrero-2019\/","url":"https:\/\/shw-wm.de\/es\/informe-sobre-la-feria-intec-leipzig-05-08-febrero-2019\/","name":"Informe sobre la feria Intec Leipzig 05-08 febrero 2019 | SHW - Werkzeugmaschinen","isPartOf":{"@id":"https:\/\/shw-wm.de\/#website"},"datePublished":"2019-04-03T15:28:44+00:00","dateModified":"2025-10-13T12:35:01+00:00","breadcrumb":{"@id":"https:\/\/shw-wm.de\/es\/informe-sobre-la-feria-intec-leipzig-05-08-febrero-2019\/#breadcrumb"},"inLanguage":"es","potentialAction":[{"@type":"ReadAction","target":["https:\/\/shw-wm.de\/es\/informe-sobre-la-feria-intec-leipzig-05-08-febrero-2019\/"]}]},{"@type":"BreadcrumbList","@id":"https:\/\/shw-wm.de\/es\/informe-sobre-la-feria-intec-leipzig-05-08-febrero-2019\/#breadcrumb","itemListElement":[{"@type":"ListItem","position":1,"name":"Home","item":"https:\/\/shw-wm.de\/es\/inicio\/"},{"@type":"ListItem","position":2,"name":"Informe sobre la feria Intec Leipzig 05-08 febrero 2019"}]},{"@type":"WebSite","@id":"https:\/\/shw-wm.de\/#website","url":"https:\/\/shw-wm.de\/","name":"SHW - Werkzeugmaschinen","description":"Hersteller von Fahrst\u00e4ndermaschinen","publisher":{"@id":"https:\/\/shw-wm.de\/#organization"},"potentialAction":[{"@type":"SearchAction","target":{"@type":"EntryPoint","urlTemplate":"https:\/\/shw-wm.de\/?s={search_term_string}"},"query-input":{"@type":"PropertyValueSpecification","valueRequired":true,"valueName":"search_term_string"}}],"inLanguage":"es"},{"@type":"Organization","@id":"https:\/\/shw-wm.de\/#organization","name":"SHW - M\u00e1quinas herramienta","url":"https:\/\/shw-wm.de\/","logo":{"@type":"ImageObject","inLanguage":"es","@id":"https:\/\/shw-wm.de\/#\/schema\/logo\/image\/","url":"https:\/\/shw-wm.de\/wp-content\/uploads\/2021_Logo_mit_Flagge-1.jpg","contentUrl":"https:\/\/shw-wm.de\/wp-content\/uploads\/2021_Logo_mit_Flagge-1.jpg","width":275,"height":119,"caption":"SHW - M\u00e1quinas herramienta"},"image":{"@id":"https:\/\/shw-wm.de\/#\/schema\/logo\/image\/"},"sameAs":["https:\/\/www.facebook.com\/SHWWM","https:\/\/x.com\/SHW_WM_Gmbh","https:\/\/www.instagram.com\/shw_werkzeugmaschinen\/","https:\/\/www.youtube.com\/@SHWWerkzeugmaschinen"]},{"@type":"Person","@id":"https:\/\/shw-wm.de\/#\/schema\/person\/6fbe9d30a891f73d56b6c58617d3cd63","name":"jweiss","url":"https:\/\/shw-wm.de\/es\/author\/jweiss\/"}]}},"_links":{"self":[{"href":"https:\/\/shw-wm.de\/es\/wp-json\/wp\/v2\/posts\/17476","targetHints":{"allow":["GET"]}}],"collection":[{"href":"https:\/\/shw-wm.de\/es\/wp-json\/wp\/v2\/posts"}],"about":[{"href":"https:\/\/shw-wm.de\/es\/wp-json\/wp\/v2\/types\/post"}],"author":[{"embeddable":true,"href":"https:\/\/shw-wm.de\/es\/wp-json\/wp\/v2\/users\/3"}],"replies":[{"embeddable":true,"href":"https:\/\/shw-wm.de\/es\/wp-json\/wp\/v2\/comments?post=17476"}],"version-history":[{"count":1,"href":"https:\/\/shw-wm.de\/es\/wp-json\/wp\/v2\/posts\/17476\/revisions"}],"predecessor-version":[{"id":17478,"href":"https:\/\/shw-wm.de\/es\/wp-json\/wp\/v2\/posts\/17476\/revisions\/17478"}],"wp:attachment":[{"href":"https:\/\/shw-wm.de\/es\/wp-json\/wp\/v2\/media?parent=17476"}],"wp:term":[{"taxonomy":"category","embeddable":true,"href":"https:\/\/shw-wm.de\/es\/wp-json\/wp\/v2\/categories?post=17476"},{"taxonomy":"post_tag","embeddable":true,"href":"https:\/\/shw-wm.de\/es\/wp-json\/wp\/v2\/tags?post=17476"}],"curies":[{"name":"wp","href":"https:\/\/api.w.org\/{rel}","templated":true}]}}