{"id":17491,"date":"2018-12-14T14:13:50","date_gmt":"2018-12-14T13:13:50","guid":{"rendered":"https:\/\/shw-wm.de\/informe-sobre-la-feria-amb-stuttgart-18-22-septiembre-2018\/"},"modified":"2018-12-14T14:13:50","modified_gmt":"2018-12-14T13:13:50","slug":"informe-sobre-la-feria-amb-stuttgart-18-22-septiembre-2018","status":"publish","type":"post","link":"https:\/\/shw-wm.de\/es\/informe-sobre-la-feria-amb-stuttgart-18-22-septiembre-2018\/","title":{"rendered":"Informe sobre la feria AMB Stuttgart 18-22 septiembre 2018"},"content":{"rendered":"<p>La AMB <strong>2018 establece nuevos est\u00e1ndares<\/strong><br \/>\nLa AMB -Exposici\u00f3n Internacional de la Metalurgia-, en el centro de Stuttgart, la principal regi\u00f3n de alta tecnolog\u00eda de Europa, es una de las ferias internacionales m\u00e1s importantes del sector. Con 1.553 expositores en 120.000 metros cuadrados brutos de superficie de exposici\u00f3n, la AMB 2018 est\u00e1 considerada la mayor y m\u00e1s exitosa AMB de todos los tiempos. M\u00e1s de 91.000 visitantes se interesaron por los \u00faltimos avances en m\u00e1quinas-herramienta, herramientas de precisi\u00f3n y otros temas relacionados con la metalurgia.  <\/p>\n<p><strong>Serie UniSpeed<\/strong><br \/>\nCon la UniSpeed 2000, SHW present\u00f3 a los numerosos visitantes de la feria un centro de mecanizado compacto de la nueva serie UniSpeed. Una de sus caracter\u00edsticas especiales es el innovador sistema cambiador de palets, de desarrollo y fabricaci\u00f3n propios, con una carga de transporte de hasta seis toneladas. Adem\u00e1s, los centros de mecanizado de la serie UniSpeed, con su puesto de control, concepto de viruta, gesti\u00f3n de herramientas y muchas otras caracter\u00edsticas, crean las condiciones ideales para el mecanizado de piezas grandes del futuro.  <\/p>\n<p><strong>Exitoso nuevo comienzo para SHW<\/strong><br \/>\nSHW y su nuevo inversor pueden sacar una conclusi\u00f3n totalmente positiva de la AMB 2018. Adem\u00e1s de las numerosas y buenas conversaciones con los clientes, se establecieron numerosos contactos nuevos. Los comentarios exclusivamente positivos sobre la reorientaci\u00f3n de SHW permiten a todos los implicados mirar al futuro con optimismo.<br \/>\nQueremos dar las gracias a todos los clientes y visitantes que pudimos recibir en nuestro stand y ya estamos deseando volver a veros el a\u00f1o que viene en la EMO 2019 de Hannover.  <\/p>\n","protected":false},"excerpt":{"rendered":"<p>La AMB 2018 establece nuevos est\u00e1ndares La AMB -Exposici\u00f3n Internacional de la Metalurgia-, en el centro de Stuttgart, la principal regi\u00f3n de alta tecnolog\u00eda de Europa, es una de las ferias internacionales m\u00e1s importantes del sector. Con 1.553 expositores en 120.000 metros cuadrados brutos de superficie de exposici\u00f3n, la AMB 2018 est\u00e1 considerada la mayor [&hellip;]<\/p>\n","protected":false},"author":3,"featured_media":0,"comment_status":"open","ping_status":"open","sticky":false,"template":"","format":"standard","meta":{"footnotes":""},"categories":[291,285],"tags":[],"class_list":["post-17491","post","type-post","status-publish","format-standard","hentry","category-prensa-shw","category-sin-categoria"],"yoast_head":"<!-- This site is optimized with the Yoast SEO plugin v27.4 - https:\/\/yoast.com\/product\/yoast-seo-wordpress\/ -->\n<title>Informe sobre la feria AMB Stuttgart 18-22 septiembre 2018 | SHW - Werkzeugmaschinen<\/title>\n<meta name=\"robots\" content=\"index, follow, max-snippet:-1, max-image-preview:large, max-video-preview:-1\" \/>\n<link rel=\"canonical\" href=\"https:\/\/shw-wm.de\/es\/informe-sobre-la-feria-amb-stuttgart-18-22-septiembre-2018\/\" \/>\n<meta property=\"og:locale\" content=\"es_ES\" \/>\n<meta property=\"og:type\" content=\"article\" \/>\n<meta property=\"og:title\" content=\"Informe sobre la feria AMB Stuttgart 18-22 septiembre 2018 | SHW - Werkzeugmaschinen\" \/>\n<meta property=\"og:description\" content=\"La AMB 2018 establece nuevos est\u00e1ndares La AMB -Exposici\u00f3n Internacional de la Metalurgia-, en el centro de Stuttgart, la principal regi\u00f3n de alta tecnolog\u00eda de Europa, es una de las ferias internacionales m\u00e1s importantes del sector. Con 1.553 expositores en 120.000 metros cuadrados brutos de superficie de exposici\u00f3n, la AMB 2018 est\u00e1 considerada la mayor [&hellip;]\" \/>\n<meta property=\"og:url\" content=\"https:\/\/shw-wm.de\/es\/informe-sobre-la-feria-amb-stuttgart-18-22-septiembre-2018\/\" \/>\n<meta property=\"og:site_name\" content=\"SHW - Werkzeugmaschinen\" \/>\n<meta property=\"article:publisher\" content=\"https:\/\/www.facebook.com\/SHWWM\" \/>\n<meta property=\"article:published_time\" content=\"2018-12-14T13:13:50+00:00\" \/>\n<meta property=\"og:image\" content=\"https:\/\/shw-wm.de\/wp-content\/uploads\/2021_Logo_mit_Flagge-removebg-preview.png\" \/>\n\t<meta property=\"og:image:width\" content=\"275\" \/>\n\t<meta property=\"og:image:height\" content=\"119\" \/>\n\t<meta property=\"og:image:type\" content=\"image\/png\" \/>\n<meta name=\"author\" content=\"jweiss\" \/>\n<meta name=\"twitter:card\" content=\"summary_large_image\" \/>\n<meta name=\"twitter:creator\" content=\"@SHW_WM_Gmbh\" \/>\n<meta name=\"twitter:site\" content=\"@SHW_WM_Gmbh\" \/>\n<meta name=\"twitter:label1\" content=\"Escrito por\" \/>\n\t<meta name=\"twitter:data1\" content=\"jweiss\" \/>\n\t<meta name=\"twitter:label2\" content=\"Tiempo de lectura\" \/>\n\t<meta name=\"twitter:data2\" content=\"1 minuto\" \/>\n<script type=\"application\/ld+json\" class=\"yoast-schema-graph\">{\"@context\":\"https:\\\/\\\/schema.org\",\"@graph\":[{\"@type\":\"Article\",\"@id\":\"https:\\\/\\\/shw-wm.de\\\/es\\\/informe-sobre-la-feria-amb-stuttgart-18-22-septiembre-2018\\\/#article\",\"isPartOf\":{\"@id\":\"https:\\\/\\\/shw-wm.de\\\/es\\\/informe-sobre-la-feria-amb-stuttgart-18-22-septiembre-2018\\\/\"},\"author\":{\"name\":\"jweiss\",\"@id\":\"https:\\\/\\\/shw-wm.de\\\/#\\\/schema\\\/person\\\/6fbe9d30a891f73d56b6c58617d3cd63\"},\"headline\":\"Informe sobre la feria AMB Stuttgart 18-22 septiembre 2018\",\"datePublished\":\"2018-12-14T13:13:50+00:00\",\"mainEntityOfPage\":{\"@id\":\"https:\\\/\\\/shw-wm.de\\\/es\\\/informe-sobre-la-feria-amb-stuttgart-18-22-septiembre-2018\\\/\"},\"wordCount\":278,\"commentCount\":0,\"publisher\":{\"@id\":\"https:\\\/\\\/shw-wm.de\\\/#organization\"},\"articleSection\":[\"Prensa SHW\"],\"inLanguage\":\"es\",\"potentialAction\":[{\"@type\":\"CommentAction\",\"name\":\"Comment\",\"target\":[\"https:\\\/\\\/shw-wm.de\\\/es\\\/informe-sobre-la-feria-amb-stuttgart-18-22-septiembre-2018\\\/#respond\"]}]},{\"@type\":\"WebPage\",\"@id\":\"https:\\\/\\\/shw-wm.de\\\/es\\\/informe-sobre-la-feria-amb-stuttgart-18-22-septiembre-2018\\\/\",\"url\":\"https:\\\/\\\/shw-wm.de\\\/es\\\/informe-sobre-la-feria-amb-stuttgart-18-22-septiembre-2018\\\/\",\"name\":\"Informe sobre la feria AMB Stuttgart 18-22 septiembre 2018 | SHW - Werkzeugmaschinen\",\"isPartOf\":{\"@id\":\"https:\\\/\\\/shw-wm.de\\\/#website\"},\"datePublished\":\"2018-12-14T13:13:50+00:00\",\"breadcrumb\":{\"@id\":\"https:\\\/\\\/shw-wm.de\\\/es\\\/informe-sobre-la-feria-amb-stuttgart-18-22-septiembre-2018\\\/#breadcrumb\"},\"inLanguage\":\"es\",\"potentialAction\":[{\"@type\":\"ReadAction\",\"target\":[\"https:\\\/\\\/shw-wm.de\\\/es\\\/informe-sobre-la-feria-amb-stuttgart-18-22-septiembre-2018\\\/\"]}]},{\"@type\":\"BreadcrumbList\",\"@id\":\"https:\\\/\\\/shw-wm.de\\\/es\\\/informe-sobre-la-feria-amb-stuttgart-18-22-septiembre-2018\\\/#breadcrumb\",\"itemListElement\":[{\"@type\":\"ListItem\",\"position\":1,\"name\":\"Home\",\"item\":\"https:\\\/\\\/shw-wm.de\\\/es\\\/inicio\\\/\"},{\"@type\":\"ListItem\",\"position\":2,\"name\":\"Informe sobre la feria AMB Stuttgart 18-22 septiembre 2018\"}]},{\"@type\":\"WebSite\",\"@id\":\"https:\\\/\\\/shw-wm.de\\\/#website\",\"url\":\"https:\\\/\\\/shw-wm.de\\\/\",\"name\":\"SHW - Werkzeugmaschinen\",\"description\":\"Hersteller von Fahrst\u00e4ndermaschinen\",\"publisher\":{\"@id\":\"https:\\\/\\\/shw-wm.de\\\/#organization\"},\"potentialAction\":[{\"@type\":\"SearchAction\",\"target\":{\"@type\":\"EntryPoint\",\"urlTemplate\":\"https:\\\/\\\/shw-wm.de\\\/?s={search_term_string}\"},\"query-input\":{\"@type\":\"PropertyValueSpecification\",\"valueRequired\":true,\"valueName\":\"search_term_string\"}}],\"inLanguage\":\"es\"},{\"@type\":\"Organization\",\"@id\":\"https:\\\/\\\/shw-wm.de\\\/#organization\",\"name\":\"SHW - M\u00e1quinas herramienta\",\"url\":\"https:\\\/\\\/shw-wm.de\\\/\",\"logo\":{\"@type\":\"ImageObject\",\"inLanguage\":\"es\",\"@id\":\"https:\\\/\\\/shw-wm.de\\\/#\\\/schema\\\/logo\\\/image\\\/\",\"url\":\"https:\\\/\\\/shw-wm.de\\\/wp-content\\\/uploads\\\/2021_Logo_mit_Flagge-1.jpg\",\"contentUrl\":\"https:\\\/\\\/shw-wm.de\\\/wp-content\\\/uploads\\\/2021_Logo_mit_Flagge-1.jpg\",\"width\":275,\"height\":119,\"caption\":\"SHW - M\u00e1quinas herramienta\"},\"image\":{\"@id\":\"https:\\\/\\\/shw-wm.de\\\/#\\\/schema\\\/logo\\\/image\\\/\"},\"sameAs\":[\"https:\\\/\\\/www.facebook.com\\\/SHWWM\",\"https:\\\/\\\/x.com\\\/SHW_WM_Gmbh\",\"https:\\\/\\\/www.instagram.com\\\/shw_werkzeugmaschinen\\\/\",\"https:\\\/\\\/www.youtube.com\\\/@SHWWerkzeugmaschinen\"]},{\"@type\":\"Person\",\"@id\":\"https:\\\/\\\/shw-wm.de\\\/#\\\/schema\\\/person\\\/6fbe9d30a891f73d56b6c58617d3cd63\",\"name\":\"jweiss\",\"url\":\"https:\\\/\\\/shw-wm.de\\\/es\\\/author\\\/jweiss\\\/\"}]}<\/script>\n<!-- \/ Yoast SEO plugin. -->","yoast_head_json":{"title":"Informe sobre la feria AMB Stuttgart 18-22 septiembre 2018 | SHW - Werkzeugmaschinen","robots":{"index":"index","follow":"follow","max-snippet":"max-snippet:-1","max-image-preview":"max-image-preview:large","max-video-preview":"max-video-preview:-1"},"canonical":"https:\/\/shw-wm.de\/es\/informe-sobre-la-feria-amb-stuttgart-18-22-septiembre-2018\/","og_locale":"es_ES","og_type":"article","og_title":"Informe sobre la feria AMB Stuttgart 18-22 septiembre 2018 | SHW - Werkzeugmaschinen","og_description":"La AMB 2018 establece nuevos est\u00e1ndares La AMB -Exposici\u00f3n Internacional de la Metalurgia-, en el centro de Stuttgart, la principal regi\u00f3n de alta tecnolog\u00eda de Europa, es una de las ferias internacionales m\u00e1s importantes del sector. Con 1.553 expositores en 120.000 metros cuadrados brutos de superficie de exposici\u00f3n, la AMB 2018 est\u00e1 considerada la mayor [&hellip;]","og_url":"https:\/\/shw-wm.de\/es\/informe-sobre-la-feria-amb-stuttgart-18-22-septiembre-2018\/","og_site_name":"SHW - Werkzeugmaschinen","article_publisher":"https:\/\/www.facebook.com\/SHWWM","article_published_time":"2018-12-14T13:13:50+00:00","og_image":[{"width":275,"height":119,"url":"https:\/\/shw-wm.de\/wp-content\/uploads\/2021_Logo_mit_Flagge-removebg-preview.png","type":"image\/png"}],"author":"jweiss","twitter_card":"summary_large_image","twitter_creator":"@SHW_WM_Gmbh","twitter_site":"@SHW_WM_Gmbh","twitter_misc":{"Escrito por":"jweiss","Tiempo de lectura":"1 minuto"},"schema":{"@context":"https:\/\/schema.org","@graph":[{"@type":"Article","@id":"https:\/\/shw-wm.de\/es\/informe-sobre-la-feria-amb-stuttgart-18-22-septiembre-2018\/#article","isPartOf":{"@id":"https:\/\/shw-wm.de\/es\/informe-sobre-la-feria-amb-stuttgart-18-22-septiembre-2018\/"},"author":{"name":"jweiss","@id":"https:\/\/shw-wm.de\/#\/schema\/person\/6fbe9d30a891f73d56b6c58617d3cd63"},"headline":"Informe sobre la feria AMB Stuttgart 18-22 septiembre 2018","datePublished":"2018-12-14T13:13:50+00:00","mainEntityOfPage":{"@id":"https:\/\/shw-wm.de\/es\/informe-sobre-la-feria-amb-stuttgart-18-22-septiembre-2018\/"},"wordCount":278,"commentCount":0,"publisher":{"@id":"https:\/\/shw-wm.de\/#organization"},"articleSection":["Prensa SHW"],"inLanguage":"es","potentialAction":[{"@type":"CommentAction","name":"Comment","target":["https:\/\/shw-wm.de\/es\/informe-sobre-la-feria-amb-stuttgart-18-22-septiembre-2018\/#respond"]}]},{"@type":"WebPage","@id":"https:\/\/shw-wm.de\/es\/informe-sobre-la-feria-amb-stuttgart-18-22-septiembre-2018\/","url":"https:\/\/shw-wm.de\/es\/informe-sobre-la-feria-amb-stuttgart-18-22-septiembre-2018\/","name":"Informe sobre la feria AMB Stuttgart 18-22 septiembre 2018 | SHW - Werkzeugmaschinen","isPartOf":{"@id":"https:\/\/shw-wm.de\/#website"},"datePublished":"2018-12-14T13:13:50+00:00","breadcrumb":{"@id":"https:\/\/shw-wm.de\/es\/informe-sobre-la-feria-amb-stuttgart-18-22-septiembre-2018\/#breadcrumb"},"inLanguage":"es","potentialAction":[{"@type":"ReadAction","target":["https:\/\/shw-wm.de\/es\/informe-sobre-la-feria-amb-stuttgart-18-22-septiembre-2018\/"]}]},{"@type":"BreadcrumbList","@id":"https:\/\/shw-wm.de\/es\/informe-sobre-la-feria-amb-stuttgart-18-22-septiembre-2018\/#breadcrumb","itemListElement":[{"@type":"ListItem","position":1,"name":"Home","item":"https:\/\/shw-wm.de\/es\/inicio\/"},{"@type":"ListItem","position":2,"name":"Informe sobre la feria AMB Stuttgart 18-22 septiembre 2018"}]},{"@type":"WebSite","@id":"https:\/\/shw-wm.de\/#website","url":"https:\/\/shw-wm.de\/","name":"SHW - Werkzeugmaschinen","description":"Hersteller von Fahrst\u00e4ndermaschinen","publisher":{"@id":"https:\/\/shw-wm.de\/#organization"},"potentialAction":[{"@type":"SearchAction","target":{"@type":"EntryPoint","urlTemplate":"https:\/\/shw-wm.de\/?s={search_term_string}"},"query-input":{"@type":"PropertyValueSpecification","valueRequired":true,"valueName":"search_term_string"}}],"inLanguage":"es"},{"@type":"Organization","@id":"https:\/\/shw-wm.de\/#organization","name":"SHW - M\u00e1quinas herramienta","url":"https:\/\/shw-wm.de\/","logo":{"@type":"ImageObject","inLanguage":"es","@id":"https:\/\/shw-wm.de\/#\/schema\/logo\/image\/","url":"https:\/\/shw-wm.de\/wp-content\/uploads\/2021_Logo_mit_Flagge-1.jpg","contentUrl":"https:\/\/shw-wm.de\/wp-content\/uploads\/2021_Logo_mit_Flagge-1.jpg","width":275,"height":119,"caption":"SHW - M\u00e1quinas herramienta"},"image":{"@id":"https:\/\/shw-wm.de\/#\/schema\/logo\/image\/"},"sameAs":["https:\/\/www.facebook.com\/SHWWM","https:\/\/x.com\/SHW_WM_Gmbh","https:\/\/www.instagram.com\/shw_werkzeugmaschinen\/","https:\/\/www.youtube.com\/@SHWWerkzeugmaschinen"]},{"@type":"Person","@id":"https:\/\/shw-wm.de\/#\/schema\/person\/6fbe9d30a891f73d56b6c58617d3cd63","name":"jweiss","url":"https:\/\/shw-wm.de\/es\/author\/jweiss\/"}]}},"_links":{"self":[{"href":"https:\/\/shw-wm.de\/es\/wp-json\/wp\/v2\/posts\/17491","targetHints":{"allow":["GET"]}}],"collection":[{"href":"https:\/\/shw-wm.de\/es\/wp-json\/wp\/v2\/posts"}],"about":[{"href":"https:\/\/shw-wm.de\/es\/wp-json\/wp\/v2\/types\/post"}],"author":[{"embeddable":true,"href":"https:\/\/shw-wm.de\/es\/wp-json\/wp\/v2\/users\/3"}],"replies":[{"embeddable":true,"href":"https:\/\/shw-wm.de\/es\/wp-json\/wp\/v2\/comments?post=17491"}],"version-history":[{"count":0,"href":"https:\/\/shw-wm.de\/es\/wp-json\/wp\/v2\/posts\/17491\/revisions"}],"wp:attachment":[{"href":"https:\/\/shw-wm.de\/es\/wp-json\/wp\/v2\/media?parent=17491"}],"wp:term":[{"taxonomy":"category","embeddable":true,"href":"https:\/\/shw-wm.de\/es\/wp-json\/wp\/v2\/categories?post=17491"},{"taxonomy":"post_tag","embeddable":true,"href":"https:\/\/shw-wm.de\/es\/wp-json\/wp\/v2\/tags?post=17491"}],"curies":[{"name":"wp","href":"https:\/\/api.w.org\/{rel}","templated":true}]}}