{"id":17643,"date":"2024-10-28T14:21:57","date_gmt":"2024-10-28T13:21:57","guid":{"rendered":"https:\/\/shw-wm.de\/chef-dequipe-h-f-programmation-et-mise-en-service\/"},"modified":"2025-10-13T15:35:22","modified_gmt":"2025-10-13T13:35:22","slug":"chef-dequipe-h-f-programmation-et-mise-en-service","status":"publish","type":"post","link":"https:\/\/shw-wm.de\/fr\/chef-dequipe-h-f-programmation-et-mise-en-service\/","title":{"rendered":"Chef d&rsquo;\u00e9quipe (h\/f) Programmation et mise en service"},"content":{"rendered":"\t\t<div data-elementor-type=\"wp-post\" data-elementor-id=\"17643\" class=\"elementor elementor-17643 elementor-15509\" data-elementor-post-type=\"post\">\n\t\t\t\t<div class=\"elementor-element elementor-element-6b4687a6 e-flex e-con-boxed e-con e-parent\" data-id=\"6b4687a6\" data-element_type=\"container\" data-e-type=\"container\">\n\t\t\t\t\t<div class=\"e-con-inner\">\n\t\t\t\t<div class=\"elementor-element elementor-element-7dde7d80 elementor-widget elementor-widget-text-editor\" data-id=\"7dde7d80\" data-element_type=\"widget\" data-e-type=\"widget\" data-widget_type=\"text-editor.default\">\n\t\t\t\t<div class=\"elementor-widget-container\">\n\t\t\t\t\t\t\t\t\t<p>SHW Werkzeugmaschinen GmbH est l&rsquo;un des principaux fabricants mondiaux de machines \u00e0 montant mobile et de centres d&rsquo;usinage pour l&rsquo;usinage de grandes pi\u00e8ces.<\/p><p><strong>Pour notre site de Aalen Wasseralfingen, nous recherchons d\u00e8s que possible un chef d&rsquo;\u00e9quipe motiv\u00e9 et ouvert d&rsquo;esprit pour la programmation et la mise en service.<\/strong><\/p><p> <\/p><p><strong>Ce qui vous attend<\/strong><\/p><ul class=\"wp-block-list\"><li>Horaires de travail flexibles<\/li><li>Une formation individuelle \u00e0 votre nouveau domaine d&rsquo;activit\u00e9<\/li><li>Une grande libert\u00e9 d&rsquo;action dans un domaine d&rsquo;activit\u00e9 int\u00e9ressant et vari\u00e9<\/li><li>Possibilit\u00e9 de d\u00e9veloppement personnel et professionnel gr\u00e2ce \u00e0 des offres r\u00e9guli\u00e8res de formation continue<\/li><li>Un environnement de travail familial et coll\u00e9gial avec des niveaux hi\u00e9rarchiques plats et des voies de d\u00e9cision rapides<\/li><li>Retraite d&rsquo;entreprise, assurance maladie priv\u00e9e \u00e0 l&rsquo;\u00e9tranger, v\u00e9los d&rsquo;entreprise, fruits gratuits et autres avantages.<\/li><\/ul><p> <\/p><p><strong>Vos futures t\u00e2ches :<\/strong><\/p><ul class=\"wp-block-list\"><li>Gestion technique et disciplinaire d&rsquo;environ 10 employ\u00e9s dans les domaines de la programmation PLC et de la mise en service<\/li><li>Piloter des projets mat\u00e9riels et logiciels en respectant les d\u00e9lais, le budget et les objectifs de qualit\u00e9.<\/li><li>Responsable de la bonne mise en \u0153uvre des projets avec un rapport direct \u00e0 la direction de la construction \u00e9lectrique<\/li><li>Suivi des tendances actuelles en mati\u00e8re de d\u00e9veloppement de logiciels pour la construction de machines-outils<\/li><li>Conception et mise en \u0153uvre de nouveaux projets de d\u00e9veloppement dans le domaine de la num\u00e9risation des machines<\/li><\/ul><p> <\/p><p><strong>Ce que vous apportez<\/strong><\/p><ul class=\"wp-block-list\"><li>Vous disposez d&rsquo;une formation professionnelle de technicien ou d&rsquo;ing\u00e9nieur, d&rsquo;une exp\u00e9rience professionnelle dans le domaine ou d&rsquo;une qualification \u00e9quivalente.<\/li><li>Connaissance des directives relatives aux machines<\/li><li>Exp\u00e9rience dans l&rsquo;utilisation de la programmation des commandes de machines Siemens et\/ou Heidenhain<\/li><li>Bonne connaissance de l&rsquo;anglais<\/li><li>Une apparence s\u00fbre, des qualit\u00e9s de leader et une m\u00e9thode de travail structur\u00e9e<\/li><\/ul><p> <\/p><p>Nous attendons avec impatience des candidats engag\u00e9s et comp\u00e9tents (h\/f) !<\/p><p>Veuillez envoyer votre candidature en indiquant vos disponibilit\u00e9s et vos pr\u00e9tentions salariales \u00e0 l&rsquo;adresse ci-dessous ou par e-mail.<\/p><p> <\/p><p><strong>SHW Werkzeugmaschinen GmbH<\/strong><\/p><p>Mme Jasmin Stubner<br>Alte Schmiede 1<br>73433 Aalen Wasseralfingen<\/p><p>T\u00e9l : +49 (0)7361 5578 607<br>E-mail : bewerbung@shw-wm.de<br>www.shw-wm.de<\/p>\t\t\t\t\t\t\t\t<\/div>\n\t\t\t\t<\/div>\n\t\t\t\t\t<\/div>\n\t\t\t\t<\/div>\n\t\t\t\t<\/div>\n\t\t","protected":false},"excerpt":{"rendered":"<p>SHW Werkzeugmaschinen GmbH est l&rsquo;un des principaux fabricants mondiaux de machines \u00e0 montant mobile et de centres d&rsquo;usinage pour l&rsquo;usinage de grandes pi\u00e8ces. Pour notre site de Aalen Wasseralfingen, nous recherchons d\u00e8s que possible un chef d&rsquo;\u00e9quipe motiv\u00e9 et ouvert d&rsquo;esprit pour la programmation et la mise en service. Ce qui vous attend Horaires de [&hellip;]<\/p>\n","protected":false},"author":4,"featured_media":0,"comment_status":"closed","ping_status":"open","sticky":false,"template":"","format":"standard","meta":{"footnotes":""},"categories":[292],"tags":[],"class_list":["post-17643","post","type-post","status-publish","format-standard","hentry","category-emploi-shw-wm"],"yoast_head":"<!-- This site is optimized with the Yoast SEO plugin v27.4 - https:\/\/yoast.com\/product\/yoast-seo-wordpress\/ -->\n<title>Chef d&#039;\u00e9quipe (h\/f) Programmation et mise en service | SHW - Werkzeugmaschinen<\/title>\n<meta name=\"description\" content=\"Pour notre site de Aalen, nous recherchons un chef d&#039;\u00e9quipe motiv\u00e9 et ouvert d&#039;esprit pour la programmation et la mise en service.\" \/>\n<meta name=\"robots\" content=\"index, follow, max-snippet:-1, max-image-preview:large, max-video-preview:-1\" \/>\n<link rel=\"canonical\" href=\"https:\/\/shw-wm.de\/fr\/chef-dequipe-h-f-programmation-et-mise-en-service\/\" \/>\n<meta property=\"og:locale\" content=\"fr_FR\" \/>\n<meta property=\"og:type\" content=\"article\" \/>\n<meta property=\"og:title\" content=\"Chef d&#039;\u00e9quipe (h\/f) Programmation et mise en service | SHW - Werkzeugmaschinen\" \/>\n<meta property=\"og:description\" content=\"Pour notre site de Aalen, nous recherchons un chef d&#039;\u00e9quipe motiv\u00e9 et ouvert d&#039;esprit pour la programmation et la mise en service.\" \/>\n<meta property=\"og:url\" content=\"https:\/\/shw-wm.de\/fr\/chef-dequipe-h-f-programmation-et-mise-en-service\/\" \/>\n<meta property=\"og:site_name\" content=\"SHW - Werkzeugmaschinen\" \/>\n<meta property=\"article:publisher\" content=\"https:\/\/www.facebook.com\/SHWWM\" \/>\n<meta property=\"article:published_time\" content=\"2024-10-28T13:21:57+00:00\" \/>\n<meta property=\"article:modified_time\" content=\"2025-10-13T13:35:22+00:00\" \/>\n<meta property=\"og:image\" content=\"https:\/\/shw-wm.de\/wp-content\/uploads\/2021_Logo_mit_Flagge-removebg-preview.png\" \/>\n\t<meta property=\"og:image:width\" content=\"275\" \/>\n\t<meta property=\"og:image:height\" content=\"119\" \/>\n\t<meta property=\"og:image:type\" content=\"image\/png\" \/>\n<meta name=\"author\" content=\"Sonia Porcelli\" \/>\n<meta name=\"twitter:card\" content=\"summary_large_image\" \/>\n<meta name=\"twitter:creator\" content=\"@SHW_WM_Gmbh\" \/>\n<meta name=\"twitter:site\" content=\"@SHW_WM_Gmbh\" \/>\n<meta name=\"twitter:label1\" content=\"\u00c9crit par\" \/>\n\t<meta name=\"twitter:data1\" content=\"Sonia Porcelli\" \/>\n\t<meta name=\"twitter:label2\" content=\"Dur\u00e9e de lecture estim\u00e9e\" \/>\n\t<meta name=\"twitter:data2\" content=\"2 minutes\" \/>\n<script type=\"application\/ld+json\" class=\"yoast-schema-graph\">{\"@context\":\"https:\\\/\\\/schema.org\",\"@graph\":[{\"@type\":\"Article\",\"@id\":\"https:\\\/\\\/shw-wm.de\\\/fr\\\/chef-dequipe-h-f-programmation-et-mise-en-service\\\/#article\",\"isPartOf\":{\"@id\":\"https:\\\/\\\/shw-wm.de\\\/fr\\\/chef-dequipe-h-f-programmation-et-mise-en-service\\\/\"},\"author\":{\"name\":\"Sonia Porcelli\",\"@id\":\"https:\\\/\\\/shw-wm.de\\\/#\\\/schema\\\/person\\\/899087293eeb67f5727e7918d6e05160\"},\"headline\":\"Chef d&rsquo;\u00e9quipe (h\\\/f) Programmation et mise en service\",\"datePublished\":\"2024-10-28T13:21:57+00:00\",\"dateModified\":\"2025-10-13T13:35:22+00:00\",\"mainEntityOfPage\":{\"@id\":\"https:\\\/\\\/shw-wm.de\\\/fr\\\/chef-dequipe-h-f-programmation-et-mise-en-service\\\/\"},\"wordCount\":374,\"publisher\":{\"@id\":\"https:\\\/\\\/shw-wm.de\\\/#organization\"},\"articleSection\":[\"Emploi-SHW-WM\"],\"inLanguage\":\"fr-FR\"},{\"@type\":\"WebPage\",\"@id\":\"https:\\\/\\\/shw-wm.de\\\/fr\\\/chef-dequipe-h-f-programmation-et-mise-en-service\\\/\",\"url\":\"https:\\\/\\\/shw-wm.de\\\/fr\\\/chef-dequipe-h-f-programmation-et-mise-en-service\\\/\",\"name\":\"Chef d'\u00e9quipe (h\\\/f) Programmation et mise en service | SHW - Werkzeugmaschinen\",\"isPartOf\":{\"@id\":\"https:\\\/\\\/shw-wm.de\\\/#website\"},\"datePublished\":\"2024-10-28T13:21:57+00:00\",\"dateModified\":\"2025-10-13T13:35:22+00:00\",\"description\":\"Pour notre site de Aalen, nous recherchons un chef d'\u00e9quipe motiv\u00e9 et ouvert d'esprit pour la programmation et la mise en service.\",\"breadcrumb\":{\"@id\":\"https:\\\/\\\/shw-wm.de\\\/fr\\\/chef-dequipe-h-f-programmation-et-mise-en-service\\\/#breadcrumb\"},\"inLanguage\":\"fr-FR\",\"potentialAction\":[{\"@type\":\"ReadAction\",\"target\":[\"https:\\\/\\\/shw-wm.de\\\/fr\\\/chef-dequipe-h-f-programmation-et-mise-en-service\\\/\"]}]},{\"@type\":\"BreadcrumbList\",\"@id\":\"https:\\\/\\\/shw-wm.de\\\/fr\\\/chef-dequipe-h-f-programmation-et-mise-en-service\\\/#breadcrumb\",\"itemListElement\":[{\"@type\":\"ListItem\",\"position\":1,\"name\":\"Home\",\"item\":\"https:\\\/\\\/shw-wm.de\\\/fr\\\/accueil\\\/\"},{\"@type\":\"ListItem\",\"position\":2,\"name\":\"Chef d&rsquo;\u00e9quipe (h\\\/f) Programmation et mise en service\"}]},{\"@type\":\"WebSite\",\"@id\":\"https:\\\/\\\/shw-wm.de\\\/#website\",\"url\":\"https:\\\/\\\/shw-wm.de\\\/\",\"name\":\"SHW - Werkzeugmaschinen\",\"description\":\"Hersteller von Fahrst\u00e4ndermaschinen\",\"publisher\":{\"@id\":\"https:\\\/\\\/shw-wm.de\\\/#organization\"},\"potentialAction\":[{\"@type\":\"SearchAction\",\"target\":{\"@type\":\"EntryPoint\",\"urlTemplate\":\"https:\\\/\\\/shw-wm.de\\\/?s={search_term_string}\"},\"query-input\":{\"@type\":\"PropertyValueSpecification\",\"valueRequired\":true,\"valueName\":\"search_term_string\"}}],\"inLanguage\":\"fr-FR\"},{\"@type\":\"Organization\",\"@id\":\"https:\\\/\\\/shw-wm.de\\\/#organization\",\"name\":\"SHW - Werkzeugmaschinen\",\"url\":\"https:\\\/\\\/shw-wm.de\\\/\",\"logo\":{\"@type\":\"ImageObject\",\"inLanguage\":\"fr-FR\",\"@id\":\"https:\\\/\\\/shw-wm.de\\\/#\\\/schema\\\/logo\\\/image\\\/\",\"url\":\"https:\\\/\\\/shw-wm.de\\\/wp-content\\\/uploads\\\/2021_Logo_mit_Flagge-1.jpg\",\"contentUrl\":\"https:\\\/\\\/shw-wm.de\\\/wp-content\\\/uploads\\\/2021_Logo_mit_Flagge-1.jpg\",\"width\":275,\"height\":119,\"caption\":\"SHW - Werkzeugmaschinen\"},\"image\":{\"@id\":\"https:\\\/\\\/shw-wm.de\\\/#\\\/schema\\\/logo\\\/image\\\/\"},\"sameAs\":[\"https:\\\/\\\/www.facebook.com\\\/SHWWM\",\"https:\\\/\\\/x.com\\\/SHW_WM_Gmbh\",\"https:\\\/\\\/www.instagram.com\\\/shw_werkzeugmaschinen\\\/\",\"https:\\\/\\\/www.youtube.com\\\/@SHWWerkzeugmaschinen\"]},{\"@type\":\"Person\",\"@id\":\"https:\\\/\\\/shw-wm.de\\\/#\\\/schema\\\/person\\\/899087293eeb67f5727e7918d6e05160\",\"name\":\"Sonia Porcelli\",\"url\":\"https:\\\/\\\/shw-wm.de\\\/fr\\\/author\\\/180grad\\\/\"}]}<\/script>\n<!-- \/ Yoast SEO plugin. -->","yoast_head_json":{"title":"Chef d'\u00e9quipe (h\/f) Programmation et mise en service | SHW - Werkzeugmaschinen","description":"Pour notre site de Aalen, nous recherchons un chef d'\u00e9quipe motiv\u00e9 et ouvert d'esprit pour la programmation et la mise en service.","robots":{"index":"index","follow":"follow","max-snippet":"max-snippet:-1","max-image-preview":"max-image-preview:large","max-video-preview":"max-video-preview:-1"},"canonical":"https:\/\/shw-wm.de\/fr\/chef-dequipe-h-f-programmation-et-mise-en-service\/","og_locale":"fr_FR","og_type":"article","og_title":"Chef d'\u00e9quipe (h\/f) Programmation et mise en service | SHW - Werkzeugmaschinen","og_description":"Pour notre site de Aalen, nous recherchons un chef d'\u00e9quipe motiv\u00e9 et ouvert d'esprit pour la programmation et la mise en service.","og_url":"https:\/\/shw-wm.de\/fr\/chef-dequipe-h-f-programmation-et-mise-en-service\/","og_site_name":"SHW - Werkzeugmaschinen","article_publisher":"https:\/\/www.facebook.com\/SHWWM","article_published_time":"2024-10-28T13:21:57+00:00","article_modified_time":"2025-10-13T13:35:22+00:00","og_image":[{"width":275,"height":119,"url":"https:\/\/shw-wm.de\/wp-content\/uploads\/2021_Logo_mit_Flagge-removebg-preview.png","type":"image\/png"}],"author":"Sonia Porcelli","twitter_card":"summary_large_image","twitter_creator":"@SHW_WM_Gmbh","twitter_site":"@SHW_WM_Gmbh","twitter_misc":{"\u00c9crit par":"Sonia Porcelli","Dur\u00e9e de lecture estim\u00e9e":"2 minutes"},"schema":{"@context":"https:\/\/schema.org","@graph":[{"@type":"Article","@id":"https:\/\/shw-wm.de\/fr\/chef-dequipe-h-f-programmation-et-mise-en-service\/#article","isPartOf":{"@id":"https:\/\/shw-wm.de\/fr\/chef-dequipe-h-f-programmation-et-mise-en-service\/"},"author":{"name":"Sonia Porcelli","@id":"https:\/\/shw-wm.de\/#\/schema\/person\/899087293eeb67f5727e7918d6e05160"},"headline":"Chef d&rsquo;\u00e9quipe (h\/f) Programmation et mise en service","datePublished":"2024-10-28T13:21:57+00:00","dateModified":"2025-10-13T13:35:22+00:00","mainEntityOfPage":{"@id":"https:\/\/shw-wm.de\/fr\/chef-dequipe-h-f-programmation-et-mise-en-service\/"},"wordCount":374,"publisher":{"@id":"https:\/\/shw-wm.de\/#organization"},"articleSection":["Emploi-SHW-WM"],"inLanguage":"fr-FR"},{"@type":"WebPage","@id":"https:\/\/shw-wm.de\/fr\/chef-dequipe-h-f-programmation-et-mise-en-service\/","url":"https:\/\/shw-wm.de\/fr\/chef-dequipe-h-f-programmation-et-mise-en-service\/","name":"Chef d'\u00e9quipe (h\/f) Programmation et mise en service | SHW - Werkzeugmaschinen","isPartOf":{"@id":"https:\/\/shw-wm.de\/#website"},"datePublished":"2024-10-28T13:21:57+00:00","dateModified":"2025-10-13T13:35:22+00:00","description":"Pour notre site de Aalen, nous recherchons un chef d'\u00e9quipe motiv\u00e9 et ouvert d'esprit pour la programmation et la mise en service.","breadcrumb":{"@id":"https:\/\/shw-wm.de\/fr\/chef-dequipe-h-f-programmation-et-mise-en-service\/#breadcrumb"},"inLanguage":"fr-FR","potentialAction":[{"@type":"ReadAction","target":["https:\/\/shw-wm.de\/fr\/chef-dequipe-h-f-programmation-et-mise-en-service\/"]}]},{"@type":"BreadcrumbList","@id":"https:\/\/shw-wm.de\/fr\/chef-dequipe-h-f-programmation-et-mise-en-service\/#breadcrumb","itemListElement":[{"@type":"ListItem","position":1,"name":"Home","item":"https:\/\/shw-wm.de\/fr\/accueil\/"},{"@type":"ListItem","position":2,"name":"Chef d&rsquo;\u00e9quipe (h\/f) Programmation et mise en service"}]},{"@type":"WebSite","@id":"https:\/\/shw-wm.de\/#website","url":"https:\/\/shw-wm.de\/","name":"SHW - Werkzeugmaschinen","description":"Hersteller von Fahrst\u00e4ndermaschinen","publisher":{"@id":"https:\/\/shw-wm.de\/#organization"},"potentialAction":[{"@type":"SearchAction","target":{"@type":"EntryPoint","urlTemplate":"https:\/\/shw-wm.de\/?s={search_term_string}"},"query-input":{"@type":"PropertyValueSpecification","valueRequired":true,"valueName":"search_term_string"}}],"inLanguage":"fr-FR"},{"@type":"Organization","@id":"https:\/\/shw-wm.de\/#organization","name":"SHW - Werkzeugmaschinen","url":"https:\/\/shw-wm.de\/","logo":{"@type":"ImageObject","inLanguage":"fr-FR","@id":"https:\/\/shw-wm.de\/#\/schema\/logo\/image\/","url":"https:\/\/shw-wm.de\/wp-content\/uploads\/2021_Logo_mit_Flagge-1.jpg","contentUrl":"https:\/\/shw-wm.de\/wp-content\/uploads\/2021_Logo_mit_Flagge-1.jpg","width":275,"height":119,"caption":"SHW - Werkzeugmaschinen"},"image":{"@id":"https:\/\/shw-wm.de\/#\/schema\/logo\/image\/"},"sameAs":["https:\/\/www.facebook.com\/SHWWM","https:\/\/x.com\/SHW_WM_Gmbh","https:\/\/www.instagram.com\/shw_werkzeugmaschinen\/","https:\/\/www.youtube.com\/@SHWWerkzeugmaschinen"]},{"@type":"Person","@id":"https:\/\/shw-wm.de\/#\/schema\/person\/899087293eeb67f5727e7918d6e05160","name":"Sonia Porcelli","url":"https:\/\/shw-wm.de\/fr\/author\/180grad\/"}]}},"_links":{"self":[{"href":"https:\/\/shw-wm.de\/fr\/wp-json\/wp\/v2\/posts\/17643","targetHints":{"allow":["GET"]}}],"collection":[{"href":"https:\/\/shw-wm.de\/fr\/wp-json\/wp\/v2\/posts"}],"about":[{"href":"https:\/\/shw-wm.de\/fr\/wp-json\/wp\/v2\/types\/post"}],"author":[{"embeddable":true,"href":"https:\/\/shw-wm.de\/fr\/wp-json\/wp\/v2\/users\/4"}],"replies":[{"embeddable":true,"href":"https:\/\/shw-wm.de\/fr\/wp-json\/wp\/v2\/comments?post=17643"}],"version-history":[{"count":1,"href":"https:\/\/shw-wm.de\/fr\/wp-json\/wp\/v2\/posts\/17643\/revisions"}],"predecessor-version":[{"id":17645,"href":"https:\/\/shw-wm.de\/fr\/wp-json\/wp\/v2\/posts\/17643\/revisions\/17645"}],"wp:attachment":[{"href":"https:\/\/shw-wm.de\/fr\/wp-json\/wp\/v2\/media?parent=17643"}],"wp:term":[{"taxonomy":"category","embeddable":true,"href":"https:\/\/shw-wm.de\/fr\/wp-json\/wp\/v2\/categories?post=17643"},{"taxonomy":"post_tag","embeddable":true,"href":"https:\/\/shw-wm.de\/fr\/wp-json\/wp\/v2\/tags?post=17643"}],"curies":[{"name":"wp","href":"https:\/\/api.w.org\/{rel}","templated":true}]}}