{"id":17684,"date":"2018-12-14T14:13:50","date_gmt":"2018-12-14T13:13:50","guid":{"rendered":"https:\/\/shw-wm.de\/compte-rendu-de-lamb-stuttgart-du-18-au-22-septembre-2018\/"},"modified":"2018-12-14T14:13:50","modified_gmt":"2018-12-14T13:13:50","slug":"compte-rendu-de-lamb-stuttgart-du-18-au-22-septembre-2018","status":"publish","type":"post","link":"https:\/\/shw-wm.de\/fr\/compte-rendu-de-lamb-stuttgart-du-18-au-22-septembre-2018\/","title":{"rendered":"Compte rendu de l&rsquo;AMB Stuttgart du 18 au 22 septembre 2018"},"content":{"rendered":"<p><strong>L&rsquo;AMB 2018 \u00e9tablit de nouveaux standards<\/strong><br \/>\nL&rsquo;AMB - Salon international du travail des m\u00e9taux - situ\u00e9 au c\u0153ur de la premi\u00e8re r\u00e9gion high-tech d&rsquo;Europe, Stuttgart, est l&rsquo;un des plus importants salons internationaux du secteur. Avec 1 553 exposants sur 120 000 m\u00e8tres carr\u00e9s de surface d&rsquo;exposition brute, l&rsquo;AMB 2018 est consid\u00e9r\u00e9 comme le plus grand et le plus r\u00e9ussi des salons AMB de tous les temps. Plus de 91 000 visiteurs se sont int\u00e9ress\u00e9s aux derni\u00e8res nouveaut\u00e9s en mati\u00e8re de machines-outils, d&rsquo;outils de pr\u00e9cision et d&rsquo;autres sujets li\u00e9s \u00e0 l&rsquo;usinage des m\u00e9taux par enl\u00e8vement de copeaux.  <\/p>\n<p><strong>S\u00e9rie UniSpeed<\/strong><br \/>\nAvec l&rsquo;UniSpeed 2000, SHW a pr\u00e9sent\u00e9 aux nombreux visiteurs sur place un centre d&rsquo;usinage compact de la nouvelle s\u00e9rie UniSpeed, qui a \u00e9t\u00e9 pr\u00e9sent\u00e9e au salon. Le nouveau syst\u00e8me de changement de palettes, d\u00e9velopp\u00e9 et produit en interne, avec une charge de transport allant jusqu&rsquo;\u00e0 six tonnes, constitue entre autres une particularit\u00e9. En outre, les centres d&rsquo;usinage de la s\u00e9rie UniSpeed, avec leur poste de commande, leur concept de gestion des copeaux, leur gestion des outils et bien d&rsquo;autres caract\u00e9ristiques, cr\u00e9ent les conditions id\u00e9ales pour l&rsquo;usinage des grandes pi\u00e8ces du futur.  <\/p>\n<p><strong>Un nouveau d\u00e9part r\u00e9ussi pour SHW<\/strong><br \/>\nSHW et son nouvel investisseur peuvent tirer un bilan tout \u00e0 fait positif de l&rsquo;AMB 2018. Outre de nombreux et bons entretiens avec des clients, une multitude de nouveaux contacts ont pu \u00eatre nou\u00e9s. Les r\u00e9actions exclusivement positives concernant la nouvelle orientation de SHW permettent \u00e0 tous les participants d&rsquo;envisager l&rsquo;avenir avec optimisme.<br \/>\nNous remercions chaleureusement tous les clients et visiteurs que nous avons eu le plaisir d&rsquo;accueillir sur notre stand et nous nous r\u00e9jouissons d\u00e9j\u00e0 de les revoir l&rsquo;ann\u00e9e prochaine \u00e0 l&rsquo;EMO 2019 \u00e0 Hanovre.  <\/p>\n","protected":false},"excerpt":{"rendered":"<p>L&rsquo;AMB 2018 \u00e9tablit de nouveaux standards L&rsquo;AMB - Salon international du travail des m\u00e9taux - situ\u00e9 au c\u0153ur de la premi\u00e8re r\u00e9gion high-tech d&rsquo;Europe, Stuttgart, est l&rsquo;un des plus importants salons internationaux du secteur. Avec 1 553 exposants sur 120 000 m\u00e8tres carr\u00e9s de surface d&rsquo;exposition brute, l&rsquo;AMB 2018 est consid\u00e9r\u00e9 comme le plus grand [&hellip;]<\/p>\n","protected":false},"author":3,"featured_media":0,"comment_status":"open","ping_status":"open","sticky":false,"template":"","format":"standard","meta":{"footnotes":""},"categories":[277,297],"tags":[],"class_list":["post-17684","post","type-post","status-publish","format-standard","hentry","category-non-categorise","category-presse-shw"],"yoast_head":"<!-- This site is optimized with the Yoast SEO plugin v27.4 - https:\/\/yoast.com\/product\/yoast-seo-wordpress\/ -->\n<title>Compte rendu de l&#039;AMB Stuttgart du 18 au 22 septembre 2018 | SHW - Werkzeugmaschinen<\/title>\n<meta name=\"robots\" content=\"index, follow, max-snippet:-1, max-image-preview:large, max-video-preview:-1\" \/>\n<link rel=\"canonical\" href=\"https:\/\/shw-wm.de\/fr\/compte-rendu-de-lamb-stuttgart-du-18-au-22-septembre-2018\/\" \/>\n<meta property=\"og:locale\" content=\"fr_FR\" \/>\n<meta property=\"og:type\" content=\"article\" \/>\n<meta property=\"og:title\" content=\"Compte rendu de l&#039;AMB Stuttgart du 18 au 22 septembre 2018 | SHW - Werkzeugmaschinen\" \/>\n<meta property=\"og:description\" content=\"L&rsquo;AMB 2018 \u00e9tablit de nouveaux standards L&rsquo;AMB - Salon international du travail des m\u00e9taux - situ\u00e9 au c\u0153ur de la premi\u00e8re r\u00e9gion high-tech d&rsquo;Europe, Stuttgart, est l&rsquo;un des plus importants salons internationaux du secteur. Avec 1 553 exposants sur 120 000 m\u00e8tres carr\u00e9s de surface d&rsquo;exposition brute, l&rsquo;AMB 2018 est consid\u00e9r\u00e9 comme le plus grand [&hellip;]\" \/>\n<meta property=\"og:url\" content=\"https:\/\/shw-wm.de\/fr\/compte-rendu-de-lamb-stuttgart-du-18-au-22-septembre-2018\/\" \/>\n<meta property=\"og:site_name\" content=\"SHW - Werkzeugmaschinen\" \/>\n<meta property=\"article:publisher\" content=\"https:\/\/www.facebook.com\/SHWWM\" \/>\n<meta property=\"article:published_time\" content=\"2018-12-14T13:13:50+00:00\" \/>\n<meta property=\"og:image\" content=\"https:\/\/shw-wm.de\/wp-content\/uploads\/2021_Logo_mit_Flagge-removebg-preview.png\" \/>\n\t<meta property=\"og:image:width\" content=\"275\" \/>\n\t<meta property=\"og:image:height\" content=\"119\" \/>\n\t<meta property=\"og:image:type\" content=\"image\/png\" \/>\n<meta name=\"author\" content=\"jweiss\" \/>\n<meta name=\"twitter:card\" content=\"summary_large_image\" \/>\n<meta name=\"twitter:creator\" content=\"@SHW_WM_Gmbh\" \/>\n<meta name=\"twitter:site\" content=\"@SHW_WM_Gmbh\" \/>\n<meta name=\"twitter:label1\" content=\"\u00c9crit par\" \/>\n\t<meta name=\"twitter:data1\" content=\"jweiss\" \/>\n\t<meta name=\"twitter:label2\" content=\"Dur\u00e9e de lecture estim\u00e9e\" \/>\n\t<meta name=\"twitter:data2\" content=\"2 minutes\" \/>\n<script type=\"application\/ld+json\" class=\"yoast-schema-graph\">{\"@context\":\"https:\\\/\\\/schema.org\",\"@graph\":[{\"@type\":\"Article\",\"@id\":\"https:\\\/\\\/shw-wm.de\\\/fr\\\/compte-rendu-de-lamb-stuttgart-du-18-au-22-septembre-2018\\\/#article\",\"isPartOf\":{\"@id\":\"https:\\\/\\\/shw-wm.de\\\/fr\\\/compte-rendu-de-lamb-stuttgart-du-18-au-22-septembre-2018\\\/\"},\"author\":{\"name\":\"jweiss\",\"@id\":\"https:\\\/\\\/shw-wm.de\\\/#\\\/schema\\\/person\\\/6fbe9d30a891f73d56b6c58617d3cd63\"},\"headline\":\"Compte rendu de l&rsquo;AMB Stuttgart du 18 au 22 septembre 2018\",\"datePublished\":\"2018-12-14T13:13:50+00:00\",\"mainEntityOfPage\":{\"@id\":\"https:\\\/\\\/shw-wm.de\\\/fr\\\/compte-rendu-de-lamb-stuttgart-du-18-au-22-septembre-2018\\\/\"},\"wordCount\":330,\"commentCount\":0,\"publisher\":{\"@id\":\"https:\\\/\\\/shw-wm.de\\\/#organization\"},\"articleSection\":[\"Non cat\u00e9goris\u00e9\",\"Presse SHW\"],\"inLanguage\":\"fr-FR\",\"potentialAction\":[{\"@type\":\"CommentAction\",\"name\":\"Comment\",\"target\":[\"https:\\\/\\\/shw-wm.de\\\/fr\\\/compte-rendu-de-lamb-stuttgart-du-18-au-22-septembre-2018\\\/#respond\"]}]},{\"@type\":\"WebPage\",\"@id\":\"https:\\\/\\\/shw-wm.de\\\/fr\\\/compte-rendu-de-lamb-stuttgart-du-18-au-22-septembre-2018\\\/\",\"url\":\"https:\\\/\\\/shw-wm.de\\\/fr\\\/compte-rendu-de-lamb-stuttgart-du-18-au-22-septembre-2018\\\/\",\"name\":\"Compte rendu de l'AMB Stuttgart du 18 au 22 septembre 2018 | SHW - Werkzeugmaschinen\",\"isPartOf\":{\"@id\":\"https:\\\/\\\/shw-wm.de\\\/#website\"},\"datePublished\":\"2018-12-14T13:13:50+00:00\",\"breadcrumb\":{\"@id\":\"https:\\\/\\\/shw-wm.de\\\/fr\\\/compte-rendu-de-lamb-stuttgart-du-18-au-22-septembre-2018\\\/#breadcrumb\"},\"inLanguage\":\"fr-FR\",\"potentialAction\":[{\"@type\":\"ReadAction\",\"target\":[\"https:\\\/\\\/shw-wm.de\\\/fr\\\/compte-rendu-de-lamb-stuttgart-du-18-au-22-septembre-2018\\\/\"]}]},{\"@type\":\"BreadcrumbList\",\"@id\":\"https:\\\/\\\/shw-wm.de\\\/fr\\\/compte-rendu-de-lamb-stuttgart-du-18-au-22-septembre-2018\\\/#breadcrumb\",\"itemListElement\":[{\"@type\":\"ListItem\",\"position\":1,\"name\":\"Home\",\"item\":\"https:\\\/\\\/shw-wm.de\\\/fr\\\/accueil\\\/\"},{\"@type\":\"ListItem\",\"position\":2,\"name\":\"Compte rendu de l&rsquo;AMB Stuttgart du 18 au 22 septembre 2018\"}]},{\"@type\":\"WebSite\",\"@id\":\"https:\\\/\\\/shw-wm.de\\\/#website\",\"url\":\"https:\\\/\\\/shw-wm.de\\\/\",\"name\":\"SHW - Werkzeugmaschinen\",\"description\":\"Hersteller von Fahrst\u00e4ndermaschinen\",\"publisher\":{\"@id\":\"https:\\\/\\\/shw-wm.de\\\/#organization\"},\"potentialAction\":[{\"@type\":\"SearchAction\",\"target\":{\"@type\":\"EntryPoint\",\"urlTemplate\":\"https:\\\/\\\/shw-wm.de\\\/?s={search_term_string}\"},\"query-input\":{\"@type\":\"PropertyValueSpecification\",\"valueRequired\":true,\"valueName\":\"search_term_string\"}}],\"inLanguage\":\"fr-FR\"},{\"@type\":\"Organization\",\"@id\":\"https:\\\/\\\/shw-wm.de\\\/#organization\",\"name\":\"SHW - Werkzeugmaschinen\",\"url\":\"https:\\\/\\\/shw-wm.de\\\/\",\"logo\":{\"@type\":\"ImageObject\",\"inLanguage\":\"fr-FR\",\"@id\":\"https:\\\/\\\/shw-wm.de\\\/#\\\/schema\\\/logo\\\/image\\\/\",\"url\":\"https:\\\/\\\/shw-wm.de\\\/wp-content\\\/uploads\\\/2021_Logo_mit_Flagge-1.jpg\",\"contentUrl\":\"https:\\\/\\\/shw-wm.de\\\/wp-content\\\/uploads\\\/2021_Logo_mit_Flagge-1.jpg\",\"width\":275,\"height\":119,\"caption\":\"SHW - Werkzeugmaschinen\"},\"image\":{\"@id\":\"https:\\\/\\\/shw-wm.de\\\/#\\\/schema\\\/logo\\\/image\\\/\"},\"sameAs\":[\"https:\\\/\\\/www.facebook.com\\\/SHWWM\",\"https:\\\/\\\/x.com\\\/SHW_WM_Gmbh\",\"https:\\\/\\\/www.instagram.com\\\/shw_werkzeugmaschinen\\\/\",\"https:\\\/\\\/www.youtube.com\\\/@SHWWerkzeugmaschinen\"]},{\"@type\":\"Person\",\"@id\":\"https:\\\/\\\/shw-wm.de\\\/#\\\/schema\\\/person\\\/6fbe9d30a891f73d56b6c58617d3cd63\",\"name\":\"jweiss\",\"url\":\"https:\\\/\\\/shw-wm.de\\\/fr\\\/author\\\/jweiss\\\/\"}]}<\/script>\n<!-- \/ Yoast SEO plugin. -->","yoast_head_json":{"title":"Compte rendu de l'AMB Stuttgart du 18 au 22 septembre 2018 | SHW - Werkzeugmaschinen","robots":{"index":"index","follow":"follow","max-snippet":"max-snippet:-1","max-image-preview":"max-image-preview:large","max-video-preview":"max-video-preview:-1"},"canonical":"https:\/\/shw-wm.de\/fr\/compte-rendu-de-lamb-stuttgart-du-18-au-22-septembre-2018\/","og_locale":"fr_FR","og_type":"article","og_title":"Compte rendu de l'AMB Stuttgart du 18 au 22 septembre 2018 | SHW - Werkzeugmaschinen","og_description":"L&rsquo;AMB 2018 \u00e9tablit de nouveaux standards L&rsquo;AMB - Salon international du travail des m\u00e9taux - situ\u00e9 au c\u0153ur de la premi\u00e8re r\u00e9gion high-tech d&rsquo;Europe, Stuttgart, est l&rsquo;un des plus importants salons internationaux du secteur. Avec 1 553 exposants sur 120 000 m\u00e8tres carr\u00e9s de surface d&rsquo;exposition brute, l&rsquo;AMB 2018 est consid\u00e9r\u00e9 comme le plus grand [&hellip;]","og_url":"https:\/\/shw-wm.de\/fr\/compte-rendu-de-lamb-stuttgart-du-18-au-22-septembre-2018\/","og_site_name":"SHW - Werkzeugmaschinen","article_publisher":"https:\/\/www.facebook.com\/SHWWM","article_published_time":"2018-12-14T13:13:50+00:00","og_image":[{"width":275,"height":119,"url":"https:\/\/shw-wm.de\/wp-content\/uploads\/2021_Logo_mit_Flagge-removebg-preview.png","type":"image\/png"}],"author":"jweiss","twitter_card":"summary_large_image","twitter_creator":"@SHW_WM_Gmbh","twitter_site":"@SHW_WM_Gmbh","twitter_misc":{"\u00c9crit par":"jweiss","Dur\u00e9e de lecture estim\u00e9e":"2 minutes"},"schema":{"@context":"https:\/\/schema.org","@graph":[{"@type":"Article","@id":"https:\/\/shw-wm.de\/fr\/compte-rendu-de-lamb-stuttgart-du-18-au-22-septembre-2018\/#article","isPartOf":{"@id":"https:\/\/shw-wm.de\/fr\/compte-rendu-de-lamb-stuttgart-du-18-au-22-septembre-2018\/"},"author":{"name":"jweiss","@id":"https:\/\/shw-wm.de\/#\/schema\/person\/6fbe9d30a891f73d56b6c58617d3cd63"},"headline":"Compte rendu de l&rsquo;AMB Stuttgart du 18 au 22 septembre 2018","datePublished":"2018-12-14T13:13:50+00:00","mainEntityOfPage":{"@id":"https:\/\/shw-wm.de\/fr\/compte-rendu-de-lamb-stuttgart-du-18-au-22-septembre-2018\/"},"wordCount":330,"commentCount":0,"publisher":{"@id":"https:\/\/shw-wm.de\/#organization"},"articleSection":["Non cat\u00e9goris\u00e9","Presse SHW"],"inLanguage":"fr-FR","potentialAction":[{"@type":"CommentAction","name":"Comment","target":["https:\/\/shw-wm.de\/fr\/compte-rendu-de-lamb-stuttgart-du-18-au-22-septembre-2018\/#respond"]}]},{"@type":"WebPage","@id":"https:\/\/shw-wm.de\/fr\/compte-rendu-de-lamb-stuttgart-du-18-au-22-septembre-2018\/","url":"https:\/\/shw-wm.de\/fr\/compte-rendu-de-lamb-stuttgart-du-18-au-22-septembre-2018\/","name":"Compte rendu de l'AMB Stuttgart du 18 au 22 septembre 2018 | SHW - Werkzeugmaschinen","isPartOf":{"@id":"https:\/\/shw-wm.de\/#website"},"datePublished":"2018-12-14T13:13:50+00:00","breadcrumb":{"@id":"https:\/\/shw-wm.de\/fr\/compte-rendu-de-lamb-stuttgart-du-18-au-22-septembre-2018\/#breadcrumb"},"inLanguage":"fr-FR","potentialAction":[{"@type":"ReadAction","target":["https:\/\/shw-wm.de\/fr\/compte-rendu-de-lamb-stuttgart-du-18-au-22-septembre-2018\/"]}]},{"@type":"BreadcrumbList","@id":"https:\/\/shw-wm.de\/fr\/compte-rendu-de-lamb-stuttgart-du-18-au-22-septembre-2018\/#breadcrumb","itemListElement":[{"@type":"ListItem","position":1,"name":"Home","item":"https:\/\/shw-wm.de\/fr\/accueil\/"},{"@type":"ListItem","position":2,"name":"Compte rendu de l&rsquo;AMB Stuttgart du 18 au 22 septembre 2018"}]},{"@type":"WebSite","@id":"https:\/\/shw-wm.de\/#website","url":"https:\/\/shw-wm.de\/","name":"SHW - Werkzeugmaschinen","description":"Hersteller von Fahrst\u00e4ndermaschinen","publisher":{"@id":"https:\/\/shw-wm.de\/#organization"},"potentialAction":[{"@type":"SearchAction","target":{"@type":"EntryPoint","urlTemplate":"https:\/\/shw-wm.de\/?s={search_term_string}"},"query-input":{"@type":"PropertyValueSpecification","valueRequired":true,"valueName":"search_term_string"}}],"inLanguage":"fr-FR"},{"@type":"Organization","@id":"https:\/\/shw-wm.de\/#organization","name":"SHW - Werkzeugmaschinen","url":"https:\/\/shw-wm.de\/","logo":{"@type":"ImageObject","inLanguage":"fr-FR","@id":"https:\/\/shw-wm.de\/#\/schema\/logo\/image\/","url":"https:\/\/shw-wm.de\/wp-content\/uploads\/2021_Logo_mit_Flagge-1.jpg","contentUrl":"https:\/\/shw-wm.de\/wp-content\/uploads\/2021_Logo_mit_Flagge-1.jpg","width":275,"height":119,"caption":"SHW - Werkzeugmaschinen"},"image":{"@id":"https:\/\/shw-wm.de\/#\/schema\/logo\/image\/"},"sameAs":["https:\/\/www.facebook.com\/SHWWM","https:\/\/x.com\/SHW_WM_Gmbh","https:\/\/www.instagram.com\/shw_werkzeugmaschinen\/","https:\/\/www.youtube.com\/@SHWWerkzeugmaschinen"]},{"@type":"Person","@id":"https:\/\/shw-wm.de\/#\/schema\/person\/6fbe9d30a891f73d56b6c58617d3cd63","name":"jweiss","url":"https:\/\/shw-wm.de\/fr\/author\/jweiss\/"}]}},"_links":{"self":[{"href":"https:\/\/shw-wm.de\/fr\/wp-json\/wp\/v2\/posts\/17684","targetHints":{"allow":["GET"]}}],"collection":[{"href":"https:\/\/shw-wm.de\/fr\/wp-json\/wp\/v2\/posts"}],"about":[{"href":"https:\/\/shw-wm.de\/fr\/wp-json\/wp\/v2\/types\/post"}],"author":[{"embeddable":true,"href":"https:\/\/shw-wm.de\/fr\/wp-json\/wp\/v2\/users\/3"}],"replies":[{"embeddable":true,"href":"https:\/\/shw-wm.de\/fr\/wp-json\/wp\/v2\/comments?post=17684"}],"version-history":[{"count":0,"href":"https:\/\/shw-wm.de\/fr\/wp-json\/wp\/v2\/posts\/17684\/revisions"}],"wp:attachment":[{"href":"https:\/\/shw-wm.de\/fr\/wp-json\/wp\/v2\/media?parent=17684"}],"wp:term":[{"taxonomy":"category","embeddable":true,"href":"https:\/\/shw-wm.de\/fr\/wp-json\/wp\/v2\/categories?post=17684"},{"taxonomy":"post_tag","embeddable":true,"href":"https:\/\/shw-wm.de\/fr\/wp-json\/wp\/v2\/tags?post=17684"}],"curies":[{"name":"wp","href":"https:\/\/api.w.org\/{rel}","templated":true}]}}